{"id":161708,"date":"2017-04-02T21:25:47","date_gmt":"2017-04-02T19:25:47","guid":{"rendered":"http:\/\/www.fuldaer-nachrichten.de\/?p=161708"},"modified":"2017-04-02T21:25:47","modified_gmt":"2017-04-02T19:25:47","slug":"martin-herzig-nach-zehn-jahren-aus-der-schuldnerberatung-verabschiedet","status":"publish","type":"post","link":"https:\/\/www.fuldaernachrichten.de\/?p=161708","title":{"rendered":"Martin Herzig nach zehn Jahren aus der Schuldnerberatung verabschiedet"},"content":{"rendered":"<p>In einer Feierstunde im Gruppenraum des Caritasverbandes f\u00fcr die Regionen Fulda und Geisa (RCV) wurde in Anwesenheit der Mitarbeiterinnen und Mitarbeiter der Sozial- und Lebensberatung Schuldnerberater Martin Herzig verabschiedet. Nach seinem Eintritt in den Ruhestand engagierte er sich im Rahmen einer geringf\u00fcgigen Besch\u00e4ftigung f\u00fcr \u00fcberschuldetes Klientel. Als gelernter Bankkaufmann, Personalreferent und stellvertretender Direktor des Di\u00f6zesancaritasverbandes habe Martin Herzig die besten Voraussetzungen f\u00fcr diese Arbeit mitgebracht, so Christian Reuter, Gesch\u00e4ftsf\u00fchrer des regionalen Caritasverbandes. Die Zusammenarbeit im Fachbereich Schuldner-und Insolvenzberatung sei immer ausgesprochen kollegial gewesen und von gegenseitiger Unterst\u00fctzung gepr\u00e4gt. Martin Herzig sei von den rat- und hilfesuchenden Menschen wegen seiner Fachkompetenz gesch\u00e4tzt gewesen. Zudem habe er wenig auf seine Arbeitszeit geachtet, wenn ein Schuldner mit seiner Plastikt\u00fcte voller unbezahlter Rechnungen und erhaltener Mahnungen gekommen sei.<\/p>\n<p>Da Martin Herzig schon alle caritativen Ehrungen habe, bliebe dem RCV nur die M\u00f6glichkeit ihm eine extra angefertigte Urkunde mit einem Pr\u00e4sent zu \u00fcberreichen, so Christian Reuter. Eine besondere \u00dcberraschung bereiteten Martin Herzig die Kolleginnen Ursula Hillebrand, Marion Sch\u00fctz, Christiane Detscher und Kollege Peter Kremer. Obwohl schon M\u00e4rz kam f\u00fcr den scheidenden extra nochmal der Nikolaus (Ursula Hillebrand), um in wohlgeformten selbst gedichteten Reimen die zehn Arbeitsjahre und den Umgang mit den Schuldnern Revue passieren zu lassen. Die letzte Strophe \u201eVom DiCV da kamst Du her, ich muss Euch sagen, wir trauern nun sehr. Du gehst nun fort zu Heim und Huhn. Wir m\u00fcssen Deine Arbeit tun. Der Christian spricht: \u201eSo ist es recht; So geh mit Gott, mein treuer Knecht!\u201c dr\u00fcckte nochmals die hohe Wertsch\u00e4tzung aus.<\/p>\n<p>Martin Herzig betonte, dass ihm der Abschied aus der Arbeit schon schwerfalle, da ihm die Menschen mit ihren N\u00f6ten ans Herz gewachsen seien. Andererseits m\u00fcsse er sein Alter ber\u00fccksichtigen und werde er im privaten Bereich mehr gefordert. Sicher denke er gerne an das gut funktionierende Team und die ihn erf\u00fcllende Arbeit in der Schuldnerberatung des Caritasverbandes f\u00fcr die Regionen Fulda und Geisa zur\u00fcck. <\/p>\n","protected":false},"excerpt":{"rendered":"<div class=\"tmnf_excerpt\"><p>In einer Feierstunde im Gruppenraum des Caritasverbandes f\u00fcr die Regionen Fulda und Geisa (RCV) wurde in Anwesenheit der Mitarbeiterinnen und Mitarbeiter der Sozial- und Lebensberatung Schuldnerberater Martin Herzig verabschiedet. Nach seinem Eintritt in den Ruhestand engagierte er sich im Rahmen einer geringf\u00fcgigen Besch\u00e4ftigung f\u00fcr \u00fcberschuldetes Klientel. Als gelernter Bankkaufmann, Personalreferent und stellvertretender Direktor des Di\u00f6zesancaritasverbandes &hellip;<\/p>\n<\/div>","protected":false},"author":1,"featured_media":161717,"comment_status":"closed","ping_status":"closed","sticky":false,"template":"","format":"standard","meta":{"footnotes":""},"categories":[1],"tags":[],"class_list":["post-161708","post","type-post","status-publish","format-standard","has-post-thumbnail","hentry","category-startseite"],"_links":{"self":[{"href":"https:\/\/www.fuldaernachrichten.de\/index.php?rest_route=\/wp\/v2\/posts\/161708","targetHints":{"allow":["GET"]}}],"collection":[{"href":"https:\/\/www.fuldaernachrichten.de\/index.php?rest_route=\/wp\/v2\/posts"}],"about":[{"href":"https:\/\/www.fuldaernachrichten.de\/index.php?rest_route=\/wp\/v2\/types\/post"}],"author":[{"embeddable":true,"href":"https:\/\/www.fuldaernachrichten.de\/index.php?rest_route=\/wp\/v2\/users\/1"}],"replies":[{"embeddable":true,"href":"https:\/\/www.fuldaernachrichten.de\/index.php?rest_route=%2Fwp%2Fv2%2Fcomments&post=161708"}],"version-history":[{"count":1,"href":"https:\/\/www.fuldaernachrichten.de\/index.php?rest_route=\/wp\/v2\/posts\/161708\/revisions"}],"predecessor-version":[{"id":161718,"href":"https:\/\/www.fuldaernachrichten.de\/index.php?rest_route=\/wp\/v2\/posts\/161708\/revisions\/161718"}],"wp:featuredmedia":[{"embeddable":true,"href":"https:\/\/www.fuldaernachrichten.de\/index.php?rest_route=\/wp\/v2\/media\/161717"}],"wp:attachment":[{"href":"https:\/\/www.fuldaernachrichten.de\/index.php?rest_route=%2Fwp%2Fv2%2Fmedia&parent=161708"}],"wp:term":[{"taxonomy":"category","embeddable":true,"href":"https:\/\/www.fuldaernachrichten.de\/index.php?rest_route=%2Fwp%2Fv2%2Fcategories&post=161708"},{"taxonomy":"post_tag","embeddable":true,"href":"https:\/\/www.fuldaernachrichten.de\/index.php?rest_route=%2Fwp%2Fv2%2Ftags&post=161708"}],"curies":[{"name":"wp","href":"https:\/\/api.w.org\/{rel}","templated":true}]}}