{"id":161566,"date":"2017-03-29T21:09:44","date_gmt":"2017-03-29T19:09:44","guid":{"rendered":"http:\/\/www.fuldaer-nachrichten.de\/?p=161566"},"modified":"2017-03-29T21:09:44","modified_gmt":"2017-03-29T19:09:44","slug":"begeisternde-dioezesanversammlung-des-kolpingwerks-im-bistum-fulda-politstammtisch-mit-den-mitgliedern-des-deutschen-bundestags-michael-brand-cdu-und-birgit-koempel-spd","status":"publish","type":"post","link":"https:\/\/www.fuldaernachrichten.de\/?p=161566","title":{"rendered":"Begeisternde Di\u00f6zesanversammlung des Kolpingwerks im Bistum Fulda \u2013 Politstammtisch mit den Mitgliedern des Deutschen Bundestags Michael Brand (CDU) und Birgit K\u00f6mpel (SPD)"},"content":{"rendered":"<p>Dass eine Di\u00f6zesanversammlung f\u00fcr Begeisterung sorgen kann, ist nicht selbstverst\u00e4ndlich. Sind doch auch Regularien erforderlich und Tagesordnungspunkte abzuarbeiten. Dem Kolpingwerk im Bistum Fulda war es aber auch wichtig, Impulse zur inhaltlichen Arbeit anzubieten.<br \/>\nDaher gab es in diesem Jahr die Themenschwerpunkte \u201eWir machen Familien stark!\u201c und \u201eHeute f\u00fcr Morgen. W\u00e4hlen! \u2013 Kampagne zur Bundestagswahl\u201c mit den Mitgliedern des Deutschen Bundestags Michael Brand (CDU) und Birgit K\u00f6mpel (SPD).<\/p>\n<p>Er\u00f6ffnet wurde die Di\u00f6zesanversammlung im Kolpingferiendorf Herbstein vor der Rekordteilnehmerzahl von 108 Personen durch den Di\u00f6zesanvorsitzenden Josef Richter mit motivierenden Worten: \u201e Lasst uns mutig sein! Wir sind eine Gemeinschaft! Die Bedeutung von Zusammenhalt kann man sehen, wenn man einen einzigen Zweig zerbrechen will. Das ist ohne weiteres m\u00f6glich. Ein B\u00fcndel Zweige dagegen kann niemand zerbrechen.\u201c<\/p>\n<p>Jutta Schaad vom Bundesvorstand des Kolpingwerks Deutschland dankte noch einmal allen f\u00fcr die Mitwirkung bei der erfolgreichen Schuhaktion am Kolpinggedenktag. Hubert Straub, \u201eB\u00fcrgermeister\u201c des Feriendorfes Herbstein, erz\u00e4hlte von der erfolgreichen Entwicklung der Ferienst\u00e4tte in den letzten Jahren.<\/p>\n<p>Nach einem geistlichen Impuls des stellvertretenden Di\u00f6zesanpr\u00e4ses Pfr. Ulrich Trzeciok kam es zum Regularienteil mit T\u00e4tigkeitsbericht, Entlastung des Vorstands, Neuwahlen sowie Verabschiedungen und Antr\u00e4gen.<br \/>\nIm T\u00e4tigkeitsbericht erz\u00e4hlte Di\u00f6zesangesch\u00e4ftsf\u00fchrer Steffen Kempa besonders vom Leuchtturmprojekt Jugendwohnen, welches seit einem Jahr erfolgreich l\u00e4uft.<\/p>\n<p>Bei den Neuwahlen wurden der stellvertretende Di\u00f6zesanpr\u00e4ses Pfr. Ulrich Trzeciok aus Naumburg und das Mitglied des Di\u00f6zesanvorstands Rudolf Amert aus Fritzlar in ihrem Amt best\u00e4tigt. Neu gew\u00e4hlt in den Di\u00f6zesanvorstand wurden Monika Kowoll-Ferger von der Kolpingsfamilie Petersberg und Dr. Andreas Ruffing von der Kolpingsfamilie Flieden. Verabschiedet aus dem Vorstand wurde Reinhold Pappert aus Flieden, der dem Kolpingwerk aber weiter als Seniorenreiseleiter erhalten bleibt.<\/p>\n<p>\u201eRolf Fr\u00f6hlich, der Name ist Programm: Herzlichen Dank f\u00fcr alles\u201c Mit diesen Worten und mit einem Pr\u00e4sent verabschiedeten Josef Richter und Steffen Kempa das langj\u00e4hrige Vorstandsmitglied Rolf Fr\u00f6hlich aus Flieden.<\/p>\n<p>Der Antrag des Bezirks Hessisches Kegelspiel, Veranstaltungen auch dezentral, nicht nur in Fulda, durchzuf\u00fchren, wurde von der Versammlung angenommen; ebenso der Antrag des Bezirks Neuhof, die Gebetsnacht und den Josefstag am 19. M\u00e4rz wenn m\u00f6glich zusammenzulegen.<\/p>\n<p>Au\u00dferdem wurde eine neue Satzung verabschiedet, die sich an der Mustersatzung des Kolpingwerks Deutschland orientiert und individuelle Gegebenheiten des Di\u00f6zesanverbandes Fulda ber\u00fccksichtigt.<\/p>\n<p>Ein ergreifender Lichtergottesdienst bildete den bewegenden Abschluss des Tages. Pfr. Ulrich Trzeciok ermutigte die Kolpinger, Licht der Welt zu sein. Die Lichteffekte, die Hausleiter Hubert Straub in die Kapelle zauberte, beeindruckten die Gottesdienstbesucher sehr.<\/p>\n<p>Abends wurde in geselliger Runde bei manchem Glas Bier oder \u201eHerbsteiner\u201c in bester Stimmung zusammen geredet und gelacht.<\/p>\n<p>Unter der Leitung von Verbandsreferentin Melanie M\u00f6ller wurde am zweiten Tag der Themenschwerpunkt: \u201eWir machen Familien stark!\u201c pr\u00e4sentiert.<br \/>\n\u201eJeder Kolpingsfamilie einen Familienkreis\u201c, das ist die Vision des Kolpingwerks im Di\u00f6zesanverband Fulda. Familien sind der Kern unserer Gesellschaft und Familienkreise st\u00e4rken das Miteinander. Zu einer sehr authentischen Talkrunde waren daf\u00fcr verschiedene Kolping-Familienkreisleiter und solche, die es werden wollen, eingeladen.<br \/>\nDabei zeigte sich: Ob in der Gr\u00fcndungsphase, nach zwei oder 10 Jahren Familienkreisleitung.<\/p>\n<p>Das Lachen der Kinder und zufriedene Eltern sind die gr\u00f6\u00dfte Anerkennung..<br \/>\nKolpingfamilienkreise unterscheiden sich von anderen Familienkreisen durch zus\u00e4tzliche Programmpunkte im Bereich Glaube. Dies k\u00f6nnen Familienwochenenden, Familiengottesdienste oder z.B. eine Waldweihnacht sein. \u201eAber die gesunde Mischung macht es.\u201c Au\u00dferdem sind Kolpinger nur ein kleines Puzzleteil einer gro\u00dfen weltweiten Gemeinschaft.<br \/>\nAber auch bei Misserfolgen soll man nicht gleich aufgeben. So wichtig Werbung in den Medien ist:<br \/>\nFamilienkreisarbeit funktioniert nur mit pers\u00f6nlichen Kontakten gem\u00e4\u00df dem Zitat von Adolph Kolping \u201eWer Menschen gewinnen will, muss das Herz zum Pfande einsetzen.\u201c<\/p>\n<p>Kolpingsfamilien, die keine jungen Mitglieder haben, die einen Familienkreis gr\u00fcnden wollen, sollten die Praxisbegleitung des Bundesverbandes \u201eBegleiten und Beraten\u201c annehmen.<\/p>\n<p>Hubert Straub \u00fcberreicht einen \u00dcbernachtungsgutschein f\u00fcr zwei Familien, der als Gewinnerpreis einer Aktion des Di\u00f6zesanverbandes f\u00fcr auszeichnungsw\u00fcrdige Familienprogramme winken soll. Eva-Lotte Neuhaus von kess-erziehen schilderte im Anschluss die M\u00f6glichkeiten, Erziehungskurse aus dem kess-Programm durchzuf\u00fchren.<\/p>\n<p>Bei einer Bibelparkf\u00fchrung erl\u00e4uterte Hubert Straub die dargestellten Motive aus dem Alten Testament.. Hoch erfreut war er dar\u00fcber, dass Werner Reck vom Kolping Bezirksverband Neuhof ihm eine Spende in H\u00f6he von 1.000,00 \u00e2\u201a\u00ac zur Renovierung des Bibelparks \u00fcberreichte.<br \/>\nZweiter inhaltlicher Themenschwerpunkt war die Auftaktveranstaltung \u201eHeute f\u00fcr Morgen. W\u00e4hlen! \u2013 Kampagne zur Bundestagswahl\u201c mit den Mitgliedern des Deutschen Bundestags Michael Brand (CDU) und Birgit K\u00f6mpel (SPD).<\/p>\n<p>Nach einem kurzweiligen Trailer zur Bundestagswahl betraten \u00fcberraschend f\u00fcnf \u201eKolpingwirte\u201c den Saal, um die Kolpinger zu Stammtischgespr\u00e4chen einzuladen. Bei echtem Kolpingk\u00f6lsch wurde Tacheles geredet zu den Themen \u201eArbeit und Soziales\u201c, \u201eEuropa\u201c, \u201eFlucht und Integration\u201c, \u201eEine Welt\u201c und \u201eFamilie\u201c. Alle 10 Minuten wurde die Kolpingkneipe gewechselt. So kam man locker ins Gespr\u00e4ch und die unterschiedlichsten Standpunkte wurden deutlich. Interessant war dabei, dass die Gespr\u00e4chsrunde generationen\u00fcbergreifend war, von der Kolpingjugend bis zu altgedienten Kolpingern.<\/p>\n<p>In der anschlie\u00dfenden Podiumsdiskussion mit den Mitgliedern des Deutschen Bundestages Michael Brand (CDU) und Birgit K\u00f6mpel (SPD) wurden die Kernaussagen zusammengefasst.<\/p>\n<p>Dabei freute sich Michael Brand, dass den Teilnehmern das \u201eDahinterschauen\u201c wichtig ist, denn es gebe immer mehrere Sichtweisen. Er betonte auch, wie wichtig ihm der Lebensschutz sei.<\/p>\n<p>Birgit K\u00f6mpel stellte beim Thema Europa ein deutliches \u201eJA!\u201c zu Europa fest, vor allem bei der j\u00fcngeren Generation.<\/p>\n<p>Nat\u00fcrlich diskutiert man auch gerne \u00fcber B\u00fcrokratie und Gurkenverordnungen in Europa. Aber in letzter Konsequenz hat uns Europa eines geschenkt: \u201e70 Jahre Frieden\u201c.<\/p>\n<p>Sehr emotional war auch das Thema \u201eFamilie\u201c. Welches Bild haben wir von Familie? Ist Familie ein Armutsrisiko und wo sollte die Politik hier eingreifen? Vereinbarkeit von Beruf und Familie, Armutsrisko f\u00fcr Frauen im Alter bewegten die Teilnehmer. Auf jeden Fall sollte Familie nicht der Lastesel der Gesellschaft sein und Steuerpolitik muss sich nach den Familien richten.<\/p>\n<p>Der Stammtisch \u201eEine Welt\u201c besch\u00e4ftigte sich mit Entwicklungshilfe. Wie kommt sie an? Wie stellen wir sicher, dass Korruption vermieden wird und die Menschen eine \u201eHilfe zur Selbsthilfe\u201c bekommen. Hier muss bei der F\u00f6rderung von Projekten Nachhaltigkeit gew\u00e4hrleistet sein.<br \/>\nDer Themenbereich \u201eArbeit und Soziales\u201c besch\u00e4ftigte sich mit der Schere zwischen arm und reich. Immer mehr Menschen k\u00f6nnen nicht von ihrem Gehalt leben. Befristete Vertr\u00e4ge erschweren vor allem jungen Menschen die Zukunftsplanung. Auch der Sonntagsschutz war ein Thema sowie junge gut ausgebildete Frauen, die der Arbeitsmarkt auch in der Familienphase braucht.<\/p>\n<p>Beim Thema \u201eFlucht und Integration\u201c wurden die Probleme mit gro\u00dfen Erstaufnahmelagern und der kulturellen Integration angesprochen. Entscheidend sei die Hilfe in den Herkunftsl\u00e4ndern, damit nicht gut ausgebildete junge M\u00e4nner das Land verlassen und ein Wiederaufbau erschwert wird.<\/p>\n<p>Die Position des Kolpingwerks ist es, mit Sachthemen statt Populismus zu diskutieren. Es erfolgte der Aufruf, bei der Bundestagswahl w\u00e4hlen zu gehen; denn je h\u00f6her die Wahlbeteiligung desto geringer die Chancen f\u00fcr Extremisten.<\/p>\n<p>Die gro\u00dfe Begeisterung fasste zum Ende der Veranstaltung eine Teilnehmerin in dem Satz zusammen:<br \/>\n\u201eWenn ich nicht schon Mitglied bei Kolping w\u00e4re, w\u00fcrde ich jetzt eintreten.\u201c<\/p>\n","protected":false},"excerpt":{"rendered":"<div class=\"tmnf_excerpt\"><p>Dass eine Di\u00f6zesanversammlung f\u00fcr Begeisterung sorgen kann, ist nicht selbstverst\u00e4ndlich. Sind doch auch Regularien erforderlich und Tagesordnungspunkte abzuarbeiten. Dem Kolpingwerk im Bistum Fulda war es aber auch wichtig, Impulse zur inhaltlichen Arbeit anzubieten. Daher gab es in diesem Jahr die Themenschwerpunkte \u201eWir machen Familien stark!\u201c und \u201eHeute f\u00fcr Morgen. W\u00e4hlen! \u2013 Kampagne zur Bundestagswahl\u201c mit &hellip;<\/p>\n<\/div>","protected":false},"author":1,"featured_media":161567,"comment_status":"closed","ping_status":"closed","sticky":false,"template":"","format":"standard","meta":{"footnotes":""},"categories":[1],"tags":[],"class_list":["post-161566","post","type-post","status-publish","format-standard","has-post-thumbnail","hentry","category-startseite"],"_links":{"self":[{"href":"https:\/\/www.fuldaernachrichten.de\/index.php?rest_route=\/wp\/v2\/posts\/161566","targetHints":{"allow":["GET"]}}],"collection":[{"href":"https:\/\/www.fuldaernachrichten.de\/index.php?rest_route=\/wp\/v2\/posts"}],"about":[{"href":"https:\/\/www.fuldaernachrichten.de\/index.php?rest_route=\/wp\/v2\/types\/post"}],"author":[{"embeddable":true,"href":"https:\/\/www.fuldaernachrichten.de\/index.php?rest_route=\/wp\/v2\/users\/1"}],"replies":[{"embeddable":true,"href":"https:\/\/www.fuldaernachrichten.de\/index.php?rest_route=%2Fwp%2Fv2%2Fcomments&post=161566"}],"version-history":[{"count":1,"href":"https:\/\/www.fuldaernachrichten.de\/index.php?rest_route=\/wp\/v2\/posts\/161566\/revisions"}],"predecessor-version":[{"id":161568,"href":"https:\/\/www.fuldaernachrichten.de\/index.php?rest_route=\/wp\/v2\/posts\/161566\/revisions\/161568"}],"wp:featuredmedia":[{"embeddable":true,"href":"https:\/\/www.fuldaernachrichten.de\/index.php?rest_route=\/wp\/v2\/media\/161567"}],"wp:attachment":[{"href":"https:\/\/www.fuldaernachrichten.de\/index.php?rest_route=%2Fwp%2Fv2%2Fmedia&parent=161566"}],"wp:term":[{"taxonomy":"category","embeddable":true,"href":"https:\/\/www.fuldaernachrichten.de\/index.php?rest_route=%2Fwp%2Fv2%2Fcategories&post=161566"},{"taxonomy":"post_tag","embeddable":true,"href":"https:\/\/www.fuldaernachrichten.de\/index.php?rest_route=%2Fwp%2Fv2%2Ftags&post=161566"}],"curies":[{"name":"wp","href":"https:\/\/api.w.org\/{rel}","templated":true}]}}