{"id":161517,"date":"2017-03-27T09:23:28","date_gmt":"2017-03-27T07:23:28","guid":{"rendered":"http:\/\/www.fuldaer-nachrichten.de\/?p=161517"},"modified":"2017-03-27T09:23:28","modified_gmt":"2017-03-27T07:23:28","slug":"tanz-freunde-fulda-mit-viel-taktgefuehl-zum-deutschen-tanzsportabzeichen-dtsa","status":"publish","type":"post","link":"https:\/\/www.fuldaernachrichten.de\/?p=161517","title":{"rendered":"Tanz-Freunde-Fulda: Mit viel Taktgef\u00fchl zum Deutschen Tanzsportabzeichen (DTSA)"},"content":{"rendered":"<p>Den wohlwollenden, aber dennoch gestrengen Blicken der Wertungsrichter Dr. Hans-J\u00fcrgen &#038; Ulrike Burger, die in ihrer aktiven Zeit mehrfach Weltmeister, Europameister und deutsche Meister in den Standartt\u00e4nzen waren, stellten sich am vergangenen Wochenende in der Freiherr vom Stein Schule Fulda bei sch\u00f6nstem Fr\u00fchlingswetter 20 Tanzpaare der Tanz-Freunde Fulda. <\/p>\n<p>Unter der Leitung des 1. Vorsitzenden Dirk Andr\u00e4 fand die Teilnahme am DTSA statt. Die turnier\u00e4hnliche Atmosph\u00e4re ist f\u00fcr jeden T\u00e4nzer eine Herausforderung. Drei bis f\u00fcnf Standard- oder Lateint\u00e4nze eigener Wahl zeigten die Pr\u00fcflinge trotz Nervosit\u00e4t und Lampenfieber. Da hie\u00df es \u201eKopf hoch und Haltung bewahren!\u201c<br \/>\nDank der guten Vorbereitung der Trainer Dirk Andr\u00e4, Utz Krebel und Rolf Pfaff bew\u00e4ltigten alle Tanz-Paare die gestellten Aufgaben, denn sowohl Taktgef\u00fchl, Tanzhaltung und Fu\u00dfarbeit wurden beurteilt. <\/p>\n<p>7 Erstableger\/innen erhielten das Abzeichen Bronze, 6 Teilnehmer\/innen bekamen das Zeichen in Silber, 7 T\u00e4nzer\/innen erzielten das Leistungsabzeichen in Gold und 20 weitere begeisterte Tanz-Freunde wiederholten sogar das Abzeichen Gold und ertanzten sich somit teilweise nicht zum ersten Male Gold mit Kranz. <\/p>\n","protected":false},"excerpt":{"rendered":"<div class=\"tmnf_excerpt\"><p>Den wohlwollenden, aber dennoch gestrengen Blicken der Wertungsrichter Dr. Hans-J\u00fcrgen &#038; Ulrike Burger, die in ihrer aktiven Zeit mehrfach Weltmeister, Europameister und deutsche Meister in den Standartt\u00e4nzen waren, stellten sich am vergangenen Wochenende in der Freiherr vom Stein Schule Fulda bei sch\u00f6nstem Fr\u00fchlingswetter 20 Tanzpaare der Tanz-Freunde Fulda. Unter der Leitung des 1. Vorsitzenden Dirk &hellip;<\/p>\n<\/div>","protected":false},"author":1,"featured_media":161524,"comment_status":"closed","ping_status":"closed","sticky":false,"template":"","format":"standard","meta":{"footnotes":""},"categories":[1],"tags":[],"class_list":["post-161517","post","type-post","status-publish","format-standard","has-post-thumbnail","hentry","category-startseite"],"_links":{"self":[{"href":"https:\/\/www.fuldaernachrichten.de\/index.php?rest_route=\/wp\/v2\/posts\/161517","targetHints":{"allow":["GET"]}}],"collection":[{"href":"https:\/\/www.fuldaernachrichten.de\/index.php?rest_route=\/wp\/v2\/posts"}],"about":[{"href":"https:\/\/www.fuldaernachrichten.de\/index.php?rest_route=\/wp\/v2\/types\/post"}],"author":[{"embeddable":true,"href":"https:\/\/www.fuldaernachrichten.de\/index.php?rest_route=\/wp\/v2\/users\/1"}],"replies":[{"embeddable":true,"href":"https:\/\/www.fuldaernachrichten.de\/index.php?rest_route=%2Fwp%2Fv2%2Fcomments&post=161517"}],"version-history":[{"count":1,"href":"https:\/\/www.fuldaernachrichten.de\/index.php?rest_route=\/wp\/v2\/posts\/161517\/revisions"}],"predecessor-version":[{"id":161525,"href":"https:\/\/www.fuldaernachrichten.de\/index.php?rest_route=\/wp\/v2\/posts\/161517\/revisions\/161525"}],"wp:featuredmedia":[{"embeddable":true,"href":"https:\/\/www.fuldaernachrichten.de\/index.php?rest_route=\/wp\/v2\/media\/161524"}],"wp:attachment":[{"href":"https:\/\/www.fuldaernachrichten.de\/index.php?rest_route=%2Fwp%2Fv2%2Fmedia&parent=161517"}],"wp:term":[{"taxonomy":"category","embeddable":true,"href":"https:\/\/www.fuldaernachrichten.de\/index.php?rest_route=%2Fwp%2Fv2%2Fcategories&post=161517"},{"taxonomy":"post_tag","embeddable":true,"href":"https:\/\/www.fuldaernachrichten.de\/index.php?rest_route=%2Fwp%2Fv2%2Ftags&post=161517"}],"curies":[{"name":"wp","href":"https:\/\/api.w.org\/{rel}","templated":true}]}}