{"id":161497,"date":"2017-03-27T09:19:32","date_gmt":"2017-03-27T07:19:32","guid":{"rendered":"http:\/\/www.fuldaer-nachrichten.de\/?p=161497"},"modified":"2017-03-27T09:19:32","modified_gmt":"2017-03-27T07:19:32","slug":"englisch-fuer-wiedereinsteiger","status":"publish","type":"post","link":"https:\/\/www.fuldaernachrichten.de\/?p=161497","title":{"rendered":"Englisch f\u00fcr Wiedereinsteiger"},"content":{"rendered":"<p>Eine Englisch-Intensivwoche f\u00fcr Wiedereinsteiger der Volkshochschule des Landkreises Fulda eignet sich f\u00fcr Teilnehmer, die fr\u00fcher einmal Englisch gelernt, aber nie mehr oder nur selten gebraucht haben. Interessenten sollten \u00fcber ein mittleres Sprachniveau verf\u00fcgen, doch auch gute Sprecher werden sich nicht langweilen. Der Kurs findet von Montag, 10. April, bis Donnerstag, 13. April, von 9.00 Uhr bis 12.45 Uhr im Georg-Stieler-Haus, Gallasiniring 1, in Fulda statt. Infos und Anmeldung mit Kursnummer VO4060112 unter www.vhs-fulda.de oder telefonisch beim B\u00fcrgerservice (0661)6006-1600. <\/p>\n","protected":false},"excerpt":{"rendered":"<div class=\"tmnf_excerpt\"><p>Eine Englisch-Intensivwoche f\u00fcr Wiedereinsteiger der Volkshochschule des Landkreises Fulda eignet sich f\u00fcr Teilnehmer, die fr\u00fcher einmal Englisch gelernt, aber nie mehr oder nur selten gebraucht haben. Interessenten sollten \u00fcber ein mittleres Sprachniveau verf\u00fcgen, doch auch gute Sprecher werden sich nicht langweilen. Der Kurs findet von Montag, 10. April, bis Donnerstag, 13. April, von 9.00 Uhr &hellip;<\/p>\n<\/div>","protected":false},"author":1,"featured_media":0,"comment_status":"closed","ping_status":"closed","sticky":false,"template":"","format":"standard","meta":{"footnotes":""},"categories":[1],"tags":[],"class_list":["post-161497","post","type-post","status-publish","format-standard","hentry","category-startseite"],"_links":{"self":[{"href":"https:\/\/www.fuldaernachrichten.de\/index.php?rest_route=\/wp\/v2\/posts\/161497","targetHints":{"allow":["GET"]}}],"collection":[{"href":"https:\/\/www.fuldaernachrichten.de\/index.php?rest_route=\/wp\/v2\/posts"}],"about":[{"href":"https:\/\/www.fuldaernachrichten.de\/index.php?rest_route=\/wp\/v2\/types\/post"}],"author":[{"embeddable":true,"href":"https:\/\/www.fuldaernachrichten.de\/index.php?rest_route=\/wp\/v2\/users\/1"}],"replies":[{"embeddable":true,"href":"https:\/\/www.fuldaernachrichten.de\/index.php?rest_route=%2Fwp%2Fv2%2Fcomments&post=161497"}],"version-history":[{"count":1,"href":"https:\/\/www.fuldaernachrichten.de\/index.php?rest_route=\/wp\/v2\/posts\/161497\/revisions"}],"predecessor-version":[{"id":161500,"href":"https:\/\/www.fuldaernachrichten.de\/index.php?rest_route=\/wp\/v2\/posts\/161497\/revisions\/161500"}],"wp:attachment":[{"href":"https:\/\/www.fuldaernachrichten.de\/index.php?rest_route=%2Fwp%2Fv2%2Fmedia&parent=161497"}],"wp:term":[{"taxonomy":"category","embeddable":true,"href":"https:\/\/www.fuldaernachrichten.de\/index.php?rest_route=%2Fwp%2Fv2%2Fcategories&post=161497"},{"taxonomy":"post_tag","embeddable":true,"href":"https:\/\/www.fuldaernachrichten.de\/index.php?rest_route=%2Fwp%2Fv2%2Ftags&post=161497"}],"curies":[{"name":"wp","href":"https:\/\/api.w.org\/{rel}","templated":true}]}}