{"id":161480,"date":"2017-03-27T09:19:19","date_gmt":"2017-03-27T07:19:19","guid":{"rendered":"http:\/\/www.fuldaer-nachrichten.de\/?p=161480"},"modified":"2017-03-27T09:19:19","modified_gmt":"2017-03-27T07:19:19","slug":"grosse-resonanz-auf-15-schlemmerabend-im-rhoenblick-wissels","status":"publish","type":"post","link":"https:\/\/www.fuldaernachrichten.de\/?p=161480","title":{"rendered":"Gro\u00dfe Resonanz auf 15. Schlemmerabend im Rh\u00f6nblick Wissels"},"content":{"rendered":"<p>\u201eOb im Norden, S\u00fcden, Osten, Westen \u2013 beim Rh\u00f6ner Charme schmeckt es am besten\u201c \u2013 getreu diesem Motto hatte das Team um die \u201eGastlichen Vier\u201c den mittlerweile 15. Rh\u00f6ner Charme Schlemmerabend im Landgashof Rh\u00f6nblick in Wissels ausgerichtet. Mit von der Partie waren Mitarbeiter des J\u00e4gerheims, der Kneshecke, des Rh\u00f6nblicks und des Landgasthofs Reith, die rund 120 G\u00e4ste begr\u00fc\u00dfen konnten.<\/p>\n<p>In guter Manier bot das Team aus K\u00f6chen und Servicekr\u00e4ften den G\u00e4sten ein 6-G\u00e4nge-Men\u00fc, das sich wie eine Reise um die Welt liest: Gef\u00fcllte Bourbonbrust mit Texas Roll, Minestrone, Lachsfilet mit Rote-Beete-Sud, Krimsekt und Apfel-Sorbet, Rumpsteak Stroganoff mit Piroggi und ein vielf\u00e4ltiges Dessert-Buffet lie\u00dfen die Herzen der Feinschmecker h\u00f6her schlagen. Zum wiederholten Male stellten die K\u00fcchen-Profis in eindrucksvoller Weise unter Beweis, wie gut sich Rh\u00f6ner Produkte mit Lebensmitteln aus der ganzen Welt kombinieren lassen. Als Moderator des Abends stellte Kneshecken-Chef Michael Glas die \u201eGemeinschaftsproduktion\u201c der Rh\u00f6ner Charme-Kollegen dar: \u201eIn jedem Jahr h\u00e4lt diese sch\u00f6ne Veranstaltung zahlreiche Herausforderungen f\u00fcr uns bereit: Auf der einen Seite steht die Kreation und Zubereitung eines Men\u00fcs, das unsere regionalen Produkte mit internationalen Spezialit\u00e4ten verbindet, im Fokus. Auf der anderen Seite soll der Service f\u00fcr unsere G\u00e4ste so angenehm wie m\u00f6glich sein. Wir helfen uns gegenseitig, halten uns den R\u00fccken frei \u2013 das ist nur in einem Team zu schaffen, das sich hundertprozentig aufeinander verlassen kann.\u201c Ganz ohne Frage wissen die Teilnehmer des Events diesen Service und die Arbeitsweise der Gastronomen zu sch\u00e4tzen, denn rund 70 Prozent der G\u00e4ste sind Stammg\u00e4ste \u2013 von den Gastgebern humorvoll als \u201eWiederholungst\u00e4ter\u201c bezeichnet. Wer selbst einmal ein au\u00dfergew\u00f6hnliches 6-G\u00e4nge-Men\u00fc in besonderer Atmosph\u00e4re erleben m\u00f6chte, muss sich noch etwas gedulden, denn der n\u00e4chste Schlemmerabend findet erst im Fr\u00fchjahr 2018 im Landgasthof Reith in K\u00fcnzell statt.<\/p>\n<p>BU1: Begeisterten die G\u00e4ste: die Veranstalter des Schlemmerabends.<\/p>\n","protected":false},"excerpt":{"rendered":"<div class=\"tmnf_excerpt\"><p>\u201eOb im Norden, S\u00fcden, Osten, Westen \u2013 beim Rh\u00f6ner Charme schmeckt es am besten\u201c \u2013 getreu diesem Motto hatte das Team um die \u201eGastlichen Vier\u201c den mittlerweile 15. Rh\u00f6ner Charme Schlemmerabend im Landgashof Rh\u00f6nblick in Wissels ausgerichtet. Mit von der Partie waren Mitarbeiter des J\u00e4gerheims, der Kneshecke, des Rh\u00f6nblicks und des Landgasthofs Reith, die rund &hellip;<\/p>\n<\/div>","protected":false},"author":1,"featured_media":161486,"comment_status":"closed","ping_status":"closed","sticky":false,"template":"","format":"gallery","meta":{"footnotes":""},"categories":[1],"tags":[],"class_list":["post-161480","post","type-post","status-publish","format-gallery","has-post-thumbnail","hentry","category-startseite","post_format-post-format-gallery"],"_links":{"self":[{"href":"https:\/\/www.fuldaernachrichten.de\/index.php?rest_route=\/wp\/v2\/posts\/161480","targetHints":{"allow":["GET"]}}],"collection":[{"href":"https:\/\/www.fuldaernachrichten.de\/index.php?rest_route=\/wp\/v2\/posts"}],"about":[{"href":"https:\/\/www.fuldaernachrichten.de\/index.php?rest_route=\/wp\/v2\/types\/post"}],"author":[{"embeddable":true,"href":"https:\/\/www.fuldaernachrichten.de\/index.php?rest_route=\/wp\/v2\/users\/1"}],"replies":[{"embeddable":true,"href":"https:\/\/www.fuldaernachrichten.de\/index.php?rest_route=%2Fwp%2Fv2%2Fcomments&post=161480"}],"version-history":[{"count":1,"href":"https:\/\/www.fuldaernachrichten.de\/index.php?rest_route=\/wp\/v2\/posts\/161480\/revisions"}],"predecessor-version":[{"id":161496,"href":"https:\/\/www.fuldaernachrichten.de\/index.php?rest_route=\/wp\/v2\/posts\/161480\/revisions\/161496"}],"wp:featuredmedia":[{"embeddable":true,"href":"https:\/\/www.fuldaernachrichten.de\/index.php?rest_route=\/wp\/v2\/media\/161486"}],"wp:attachment":[{"href":"https:\/\/www.fuldaernachrichten.de\/index.php?rest_route=%2Fwp%2Fv2%2Fmedia&parent=161480"}],"wp:term":[{"taxonomy":"category","embeddable":true,"href":"https:\/\/www.fuldaernachrichten.de\/index.php?rest_route=%2Fwp%2Fv2%2Fcategories&post=161480"},{"taxonomy":"post_tag","embeddable":true,"href":"https:\/\/www.fuldaernachrichten.de\/index.php?rest_route=%2Fwp%2Fv2%2Ftags&post=161480"}],"curies":[{"name":"wp","href":"https:\/\/api.w.org\/{rel}","templated":true}]}}