{"id":161472,"date":"2017-03-27T09:15:30","date_gmt":"2017-03-27T07:15:30","guid":{"rendered":"http:\/\/www.fuldaer-nachrichten.de\/?p=161472"},"modified":"2017-03-27T09:15:30","modified_gmt":"2017-03-27T07:15:30","slug":"kraft-mobilisation-entspannung","status":"publish","type":"post","link":"https:\/\/www.fuldaernachrichten.de\/?p=161472","title":{"rendered":"Kraft, Mobilisation, Entspannung"},"content":{"rendered":"<p>KAHA\u00c2\u00ae ist ein neues 60min\u00fctiges Trainingsprogramm, das im Stehen ausgef\u00fchrt wird und bei dem die Bewegungen flie\u00dfend ineinander \u00fcbergehen. Dabei werden wichtige Muskelgruppen gekr\u00e4ftigt, gedehnt und entspannt. Ein Kurs der Volkshochschule des Landkreises Fulda beginnt am Donnerstag, 30. M\u00e4rz, um 20 Uhr im Christoph-Kalb-Haus in Giesel. Infos und Anmeldung mit Kursnummer VO3022041 unter www.vhs-fulda.de, telefonisch beim B\u00fcrgerservice (0661)6006-1600 oder am ersten Kursabend.<\/p>\n","protected":false},"excerpt":{"rendered":"<div class=\"tmnf_excerpt\"><p>KAHA\u00c2\u00ae ist ein neues 60min\u00fctiges Trainingsprogramm, das im Stehen ausgef\u00fchrt wird und bei dem die Bewegungen flie\u00dfend ineinander \u00fcbergehen. Dabei werden wichtige Muskelgruppen gekr\u00e4ftigt, gedehnt und entspannt. Ein Kurs der Volkshochschule des Landkreises Fulda beginnt am Donnerstag, 30. M\u00e4rz, um 20 Uhr im Christoph-Kalb-Haus in Giesel. Infos und Anmeldung mit Kursnummer VO3022041 unter www.vhs-fulda.de, telefonisch &hellip;<\/p>\n<\/div>","protected":false},"author":1,"featured_media":0,"comment_status":"closed","ping_status":"closed","sticky":false,"template":"","format":"standard","meta":{"footnotes":""},"categories":[1],"tags":[],"class_list":["post-161472","post","type-post","status-publish","format-standard","hentry","category-startseite"],"_links":{"self":[{"href":"https:\/\/www.fuldaernachrichten.de\/index.php?rest_route=\/wp\/v2\/posts\/161472","targetHints":{"allow":["GET"]}}],"collection":[{"href":"https:\/\/www.fuldaernachrichten.de\/index.php?rest_route=\/wp\/v2\/posts"}],"about":[{"href":"https:\/\/www.fuldaernachrichten.de\/index.php?rest_route=\/wp\/v2\/types\/post"}],"author":[{"embeddable":true,"href":"https:\/\/www.fuldaernachrichten.de\/index.php?rest_route=\/wp\/v2\/users\/1"}],"replies":[{"embeddable":true,"href":"https:\/\/www.fuldaernachrichten.de\/index.php?rest_route=%2Fwp%2Fv2%2Fcomments&post=161472"}],"version-history":[{"count":1,"href":"https:\/\/www.fuldaernachrichten.de\/index.php?rest_route=\/wp\/v2\/posts\/161472\/revisions"}],"predecessor-version":[{"id":161473,"href":"https:\/\/www.fuldaernachrichten.de\/index.php?rest_route=\/wp\/v2\/posts\/161472\/revisions\/161473"}],"wp:attachment":[{"href":"https:\/\/www.fuldaernachrichten.de\/index.php?rest_route=%2Fwp%2Fv2%2Fmedia&parent=161472"}],"wp:term":[{"taxonomy":"category","embeddable":true,"href":"https:\/\/www.fuldaernachrichten.de\/index.php?rest_route=%2Fwp%2Fv2%2Fcategories&post=161472"},{"taxonomy":"post_tag","embeddable":true,"href":"https:\/\/www.fuldaernachrichten.de\/index.php?rest_route=%2Fwp%2Fv2%2Ftags&post=161472"}],"curies":[{"name":"wp","href":"https:\/\/api.w.org\/{rel}","templated":true}]}}