{"id":161471,"date":"2017-03-27T09:16:37","date_gmt":"2017-03-27T07:16:37","guid":{"rendered":"http:\/\/www.fuldaer-nachrichten.de\/?p=161471"},"modified":"2017-03-27T09:16:37","modified_gmt":"2017-03-27T07:16:37","slug":"hessische-landesregierung-schreibt-preis-fuer-tierschutz-in-der-landwirtschaft-aus-2","status":"publish","type":"post","link":"https:\/\/www.fuldaernachrichten.de\/?p=161471","title":{"rendered":"Hessische Landesregierung schreibt Preis f\u00fcr \u201eTierschutz in der Landwirtschaft\u201c aus"},"content":{"rendered":"<p>Landwirtschaftsministerium will Praxisbeispiele und Ideen zur Verbesserung des Tierwohls in der Landwirtschaft weiterhin unterst\u00fctzen<\/p>\n<p>\u201eVerbesserungen der Haltungsbedingung im Sinne des Tierwohls f\u00fcr landwirtschaftliche Nutztiere sind vielen Landwirtinnen und Landwirten ein gro\u00dfes Anliegen. Nicht immer m\u00fcssen sie mit einem hohen Aufwand verbunden sein\u201c, erkl\u00e4rte Hessens Landwirtschaftsministerin Priska Hinz. Deshalb schreibt die Hessische Landesregierung zum zweiten Mal den Wettbewerb \u201eTierschutz in der Landwirtschaft\u201c aus.<\/p>\n<p>Gesucht werden hessische Landwirtschaftsbetriebe, die innovative Ideen umgesetzt haben und so zur Verbesserung des Wohlbefindens von Nutztieren beitragen. Besonders interessant sind beispielsweise bauliche, technische oder organisatorische Ma\u00dfnahmen, die leicht umsetzbar sind und in Tierhaltungen erfolgreich eingesetzt werden. \u201eMit dem Preis k\u00f6nnte ein bereits erfolgreich umgesetztes Konzept ganz oder in Teilen refinanziert werden. Kurz und gut: Wir suchen Projekte, die f\u00fcr gelungene Beispiele aus der Praxis stehen. Zus\u00e4tzlich wollen wir aber auch die privaten Initiativen der Landwirte einer breiten \u00d6ffentlichkeit bekannt machen und andere landwirtschaftlichen Betriebe zum Mitmachen motivieren\u201c, so Ministerin Hinz. Im Jahr 2015 wurde beispielsweise ein Betrieb f\u00fcr seine muttergebundene K\u00e4lberaufzucht ausgezeichnet. Ein anderer Landwirt erhielt den Preis f\u00fcr einen besonders tiergerechten Ferkelstall.<\/p>\n<p>Der Wettbewerb \u201eTierschutz in der Landwirtschaft\u201c wurde 2015 erstmals verliehen und wird nun alle zwei Jahre ausgeschrieben. Bei der ersten Verleihung betrug das Preisgeld noch 4.000 Euro, dies wurde in der Zwischenzeit merklich erh\u00f6ht. Der Preis ist nun mit 7.000 Euro dotiert und kann, wie bisher auch, geteilt vergeben werden. Aus den eingereichten Vorschl\u00e4gen wird eine achtk\u00f6pfige Jury den Preistr\u00e4ger ermitteln.<\/p>\n<p>Um den Preis \u201eTierschutz in der Landwirtschaft\u201c k\u00f6nnen sich alle in Hessen ans\u00e4ssigen landwirtschaftlichen Nutztierhalter bewerben. Sie k\u00f6nnen auch von Dritten, das Einverst\u00e4ndnis der betroffenen Person vorausgesetzt, vorgeschlagen werden. Bewerbungsfrist ist der 1. September 2017. Weitere Informationen sind bei der Landesbeauftragten f\u00fcr den Tierschutz, Dr. Madeleine Martin, (0611) 815-1090 oder per E-Mail: tierschutz@umwelt.hessen.de erh\u00e4ltlich. Sie stehen auch unter der Rubrik ,Wir \u00fcber uns\u00e2\u20ac\u02dc auf www.tierschutz.hessen.de zum Download bereit.<\/p>\n","protected":false},"excerpt":{"rendered":"<div class=\"tmnf_excerpt\"><p>Landwirtschaftsministerium will Praxisbeispiele und Ideen zur Verbesserung des Tierwohls in der Landwirtschaft weiterhin unterst\u00fctzen \u201eVerbesserungen der Haltungsbedingung im Sinne des Tierwohls f\u00fcr landwirtschaftliche Nutztiere sind vielen Landwirtinnen und Landwirten ein gro\u00dfes Anliegen. Nicht immer m\u00fcssen sie mit einem hohen Aufwand verbunden sein\u201c, erkl\u00e4rte Hessens Landwirtschaftsministerin Priska Hinz. Deshalb schreibt die Hessische Landesregierung zum zweiten Mal &hellip;<\/p>\n<\/div>","protected":false},"author":1,"featured_media":0,"comment_status":"closed","ping_status":"closed","sticky":false,"template":"","format":"standard","meta":{"footnotes":""},"categories":[1],"tags":[],"class_list":["post-161471","post","type-post","status-publish","format-standard","hentry","category-startseite"],"_links":{"self":[{"href":"https:\/\/www.fuldaernachrichten.de\/index.php?rest_route=\/wp\/v2\/posts\/161471","targetHints":{"allow":["GET"]}}],"collection":[{"href":"https:\/\/www.fuldaernachrichten.de\/index.php?rest_route=\/wp\/v2\/posts"}],"about":[{"href":"https:\/\/www.fuldaernachrichten.de\/index.php?rest_route=\/wp\/v2\/types\/post"}],"author":[{"embeddable":true,"href":"https:\/\/www.fuldaernachrichten.de\/index.php?rest_route=\/wp\/v2\/users\/1"}],"replies":[{"embeddable":true,"href":"https:\/\/www.fuldaernachrichten.de\/index.php?rest_route=%2Fwp%2Fv2%2Fcomments&post=161471"}],"version-history":[{"count":1,"href":"https:\/\/www.fuldaernachrichten.de\/index.php?rest_route=\/wp\/v2\/posts\/161471\/revisions"}],"predecessor-version":[{"id":161479,"href":"https:\/\/www.fuldaernachrichten.de\/index.php?rest_route=\/wp\/v2\/posts\/161471\/revisions\/161479"}],"wp:attachment":[{"href":"https:\/\/www.fuldaernachrichten.de\/index.php?rest_route=%2Fwp%2Fv2%2Fmedia&parent=161471"}],"wp:term":[{"taxonomy":"category","embeddable":true,"href":"https:\/\/www.fuldaernachrichten.de\/index.php?rest_route=%2Fwp%2Fv2%2Fcategories&post=161471"},{"taxonomy":"post_tag","embeddable":true,"href":"https:\/\/www.fuldaernachrichten.de\/index.php?rest_route=%2Fwp%2Fv2%2Ftags&post=161471"}],"curies":[{"name":"wp","href":"https:\/\/api.w.org\/{rel}","templated":true}]}}