{"id":161465,"date":"2017-03-27T09:16:55","date_gmt":"2017-03-27T07:16:55","guid":{"rendered":"http:\/\/www.fuldaer-nachrichten.de\/?p=161465"},"modified":"2017-03-27T09:16:55","modified_gmt":"2017-03-27T07:16:55","slug":"ostermarkt-bei-antonius-2","status":"publish","type":"post","link":"https:\/\/www.fuldaernachrichten.de\/?p=161465","title":{"rendered":"Ostermarkt bei antonius"},"content":{"rendered":"<p>Am Samstag, den 1. April 2017, findet von 9 bis 17 Uhr der allj\u00e4hrliche Ostermarkt bei antonius (An St. Kathrin 4, Fulda) statt. Neben den \u00f6sterlichen Dekorationsartikeln und Geschenkideen aus Textil, Holz und Keramik sowie dem B\u00fccherflohmarkt gibt es in diesem Jahr besondere Highlights. Auf unserem neuen Bauernmarkt vor dem antonius Laden finden Sie k\u00f6stliche Produkte von Bauern und Anbietern aus der Region.<\/p>\n<p>Passend zum Thema nachhaltige und regionale Lebensmittel k\u00f6nnen Sie auf dem Acker neben dem antonius Laden eine Vorf\u00fchrung mit Kaltbl\u00fctern und Pflug zum Thema \u201ePfl\u00fcgen fr\u00fcher \u2013 damals \u2013 heute\u201c bestaunen. Und auch der Vogel des Jahres, der Waldkautz, ist am neuen Stand des NABU anzuschauen.<\/p>\n<p>F\u00fcr das leibliche Wohl ist durch die antonius K\u00fcche und B\u00e4ckerei im antonius Caf\u00e9 gesorgt. Hier wartet ab 9 Uhr das leckere Osterfr\u00fchst\u00fcck mit kulinarischen Leckereien auf Sie. Der Eintritt ist frei, Parkpl\u00e4tze stehen ausreichend zur Verf\u00fcgung.<\/p>\n","protected":false},"excerpt":{"rendered":"<div class=\"tmnf_excerpt\"><p>Am Samstag, den 1. April 2017, findet von 9 bis 17 Uhr der allj\u00e4hrliche Ostermarkt bei antonius (An St. Kathrin 4, Fulda) statt. Neben den \u00f6sterlichen Dekorationsartikeln und Geschenkideen aus Textil, Holz und Keramik sowie dem B\u00fccherflohmarkt gibt es in diesem Jahr besondere Highlights. Auf unserem neuen Bauernmarkt vor dem antonius Laden finden Sie k\u00f6stliche &hellip;<\/p>\n<\/div>","protected":false},"author":1,"featured_media":0,"comment_status":"closed","ping_status":"closed","sticky":false,"template":"","format":"standard","meta":{"footnotes":""},"categories":[1],"tags":[],"class_list":["post-161465","post","type-post","status-publish","format-standard","hentry","category-startseite"],"_links":{"self":[{"href":"https:\/\/www.fuldaernachrichten.de\/index.php?rest_route=\/wp\/v2\/posts\/161465","targetHints":{"allow":["GET"]}}],"collection":[{"href":"https:\/\/www.fuldaernachrichten.de\/index.php?rest_route=\/wp\/v2\/posts"}],"about":[{"href":"https:\/\/www.fuldaernachrichten.de\/index.php?rest_route=\/wp\/v2\/types\/post"}],"author":[{"embeddable":true,"href":"https:\/\/www.fuldaernachrichten.de\/index.php?rest_route=\/wp\/v2\/users\/1"}],"replies":[{"embeddable":true,"href":"https:\/\/www.fuldaernachrichten.de\/index.php?rest_route=%2Fwp%2Fv2%2Fcomments&post=161465"}],"version-history":[{"count":1,"href":"https:\/\/www.fuldaernachrichten.de\/index.php?rest_route=\/wp\/v2\/posts\/161465\/revisions"}],"predecessor-version":[{"id":161481,"href":"https:\/\/www.fuldaernachrichten.de\/index.php?rest_route=\/wp\/v2\/posts\/161465\/revisions\/161481"}],"wp:attachment":[{"href":"https:\/\/www.fuldaernachrichten.de\/index.php?rest_route=%2Fwp%2Fv2%2Fmedia&parent=161465"}],"wp:term":[{"taxonomy":"category","embeddable":true,"href":"https:\/\/www.fuldaernachrichten.de\/index.php?rest_route=%2Fwp%2Fv2%2Fcategories&post=161465"},{"taxonomy":"post_tag","embeddable":true,"href":"https:\/\/www.fuldaernachrichten.de\/index.php?rest_route=%2Fwp%2Fv2%2Ftags&post=161465"}],"curies":[{"name":"wp","href":"https:\/\/api.w.org\/{rel}","templated":true}]}}