{"id":161451,"date":"2017-03-27T09:12:01","date_gmt":"2017-03-27T07:12:01","guid":{"rendered":"http:\/\/www.fuldaer-nachrichten.de\/?p=161451"},"modified":"2017-03-27T09:12:01","modified_gmt":"2017-03-27T07:12:01","slug":"befragung-der-buergerinnen-und-buerger-von-flieden","status":"publish","type":"post","link":"https:\/\/www.fuldaernachrichten.de\/?p=161451","title":{"rendered":"Befragung der B\u00fcrgerinnen und B\u00fcrger von Flieden"},"content":{"rendered":"<p>Unter dem Leitspruch Unser K\u00f6nigreich. Ihre Ideen. Unsere Zukunft hat die Gemeinde gemeinsam mit einer Arbeitsgruppe ein Zielbild f\u00fcr die k\u00fcnftige Ausrichtung von Flieden entwickelt. Ob sich die Bev\u00f6lkerung mit diesen Zielen identifiziert, soll mit der Mitte M\u00e4rz angelaufenen Fragebogenaktion gekl\u00e4rt werden. <\/p>\n<p>Bis zum heutigen Zeitpunkt gibt es schon zahlreiche R\u00fcckmeldungen, aber um ein breites Meinungsspektrum der Bev\u00f6lkerung zu erhalten, hofft die Gemeinde, die Teilnahme noch steigern zu k\u00f6nnen. <\/p>\n<p>Die Beantwortung der Fragen ist sowohl online \u00fcber PC, Tablet oder Smartphone m\u00f6glich, als auch in klassischer Form als Papierfragebogen, dieser wurde bereits \u00fcber das Fliedener Wochenblatt verteilt und ist auch im Rathaus erh\u00e4ltlich. Zur Online-Version gelangt man \u00fcber einen Button auf der gemeindlichen Homepage www.flieden.de. Die Beantwortung erfolgt anonym. Die Auswertung der Frageb\u00f6gen erfolgt durch ein professionelles B\u00fcro, das bereits die Treffen der Arbeitsgruppe begleitet hat. <\/p>\n<p>In einer Arbeitsgruppe aus kommunalen Mandatstr\u00e4gern, Verwaltungsmitarbeitern sowie interessierten B\u00fcrgern wurde in mehreren Workshops ein Zielbild f\u00fcr die Gemeinde Flieden entwickelt. Die vier ausgearbeiteten Oberziele, die jeweils durch mehrere Unterziele konkretisiert werden, sollen den Rahmen f\u00fcr die k\u00fcnftige Ausrichtung in der Gemeinde darstellen. Folgende Ziele wurden der Gemeindevertretung vorgestellt und beschlossen:<\/p>\n<p>Ein \u201eK\u00f6nigreich\u201c der Generationen<br \/>\nLeistungsf\u00e4hige und zukunftsweisende Gemeinde in zentraler Lage<br \/>\nL\u00e4ndliches Idyll mit hohem Wohlf\u00fchlfaktor<br \/>\nB\u00fcrgernahe und wirkungsvolle Gemeindef\u00fchrung<br \/>\nDiese Ziele sollen f\u00fcr das Handeln der Gemeindegremien f\u00fcr die n\u00e4chsten Jahre eine Art Leitfaden sein. <\/p>\n","protected":false},"excerpt":{"rendered":"<div class=\"tmnf_excerpt\"><p>Unter dem Leitspruch Unser K\u00f6nigreich. Ihre Ideen. Unsere Zukunft hat die Gemeinde gemeinsam mit einer Arbeitsgruppe ein Zielbild f\u00fcr die k\u00fcnftige Ausrichtung von Flieden entwickelt. Ob sich die Bev\u00f6lkerung mit diesen Zielen identifiziert, soll mit der Mitte M\u00e4rz angelaufenen Fragebogenaktion gekl\u00e4rt werden. Bis zum heutigen Zeitpunkt gibt es schon zahlreiche R\u00fcckmeldungen, aber um ein breites &hellip;<\/p>\n<\/div>","protected":false},"author":1,"featured_media":0,"comment_status":"closed","ping_status":"closed","sticky":false,"template":"","format":"standard","meta":{"footnotes":""},"categories":[1],"tags":[],"class_list":["post-161451","post","type-post","status-publish","format-standard","hentry","category-startseite"],"_links":{"self":[{"href":"https:\/\/www.fuldaernachrichten.de\/index.php?rest_route=\/wp\/v2\/posts\/161451","targetHints":{"allow":["GET"]}}],"collection":[{"href":"https:\/\/www.fuldaernachrichten.de\/index.php?rest_route=\/wp\/v2\/posts"}],"about":[{"href":"https:\/\/www.fuldaernachrichten.de\/index.php?rest_route=\/wp\/v2\/types\/post"}],"author":[{"embeddable":true,"href":"https:\/\/www.fuldaernachrichten.de\/index.php?rest_route=\/wp\/v2\/users\/1"}],"replies":[{"embeddable":true,"href":"https:\/\/www.fuldaernachrichten.de\/index.php?rest_route=%2Fwp%2Fv2%2Fcomments&post=161451"}],"version-history":[{"count":1,"href":"https:\/\/www.fuldaernachrichten.de\/index.php?rest_route=\/wp\/v2\/posts\/161451\/revisions"}],"predecessor-version":[{"id":161457,"href":"https:\/\/www.fuldaernachrichten.de\/index.php?rest_route=\/wp\/v2\/posts\/161451\/revisions\/161457"}],"wp:attachment":[{"href":"https:\/\/www.fuldaernachrichten.de\/index.php?rest_route=%2Fwp%2Fv2%2Fmedia&parent=161451"}],"wp:term":[{"taxonomy":"category","embeddable":true,"href":"https:\/\/www.fuldaernachrichten.de\/index.php?rest_route=%2Fwp%2Fv2%2Fcategories&post=161451"},{"taxonomy":"post_tag","embeddable":true,"href":"https:\/\/www.fuldaernachrichten.de\/index.php?rest_route=%2Fwp%2Fv2%2Ftags&post=161451"}],"curies":[{"name":"wp","href":"https:\/\/api.w.org\/{rel}","templated":true}]}}