{"id":161430,"date":"2017-03-25T10:07:52","date_gmt":"2017-03-25T09:07:52","guid":{"rendered":"http:\/\/www.fuldaer-nachrichten.de\/?p=161430"},"modified":"2017-03-25T10:07:52","modified_gmt":"2017-03-25T09:07:52","slug":"vielleicht-noch-eine-krabbelgruppe-im-waldorfkindergarten","status":"publish","type":"post","link":"https:\/\/www.fuldaernachrichten.de\/?p=161430","title":{"rendered":"Vielleicht noch eine Krabbelgruppe im Waldorfkindergarten"},"content":{"rendered":"<p>Elke Hengst (Gesch\u00e4ftsf\u00fchrerin) und ihr Vorstandskollegium hatten Jugenddezernent Dr. Jens Mischak, Jugendamtsleiterin Dagmar Scherer und B\u00fcrgermeister Hans-J\u00fcrgen Sch\u00e4fer eingeladen, um ihre Angebote vorzustellen und um gemeinsam nach neuen Wegen f\u00fcr die Zukunft zu suchen. Die Waldorfkindertagesst\u00e4tte in Schlitz ging 1991 an den Start, schon damals wurde integrativ gearbeitet. Von anfangs zwei Tagesgruppen hat sich das Angebot weiterentwickelt: Heute gibt es neben den Kindergartengruppen nur noch eine Tagesgruppe und  zwei Hortgruppen, in denen Schulkinder eine p\u00e4dagogische Nachmittagsbetreuung bis zum 14. Lebensjahr erhalten.<\/p>\n<p>\u201eIn dieser Hinsicht hatte Schlitz Vorbildcharakter\u201c, best\u00e4tigte Dr. Mischak, \u201ees gab hier schon ein Hortangebot vor dem Pakt am Nachmittag.\u201c Allerdings mache das Hortangebot derzeit Schwierigkeiten: \u201eWir fangen viele Kinder auf \u2013 auch Gesamtschulkinder und Fl\u00fcchtlingskinder \u2013 die mehr brauchen als \u00e2\u20ac\u0161nur\u00e2\u20ac\u02dc Nachmittagsbetreuung\u201c, berichtet Hortleiterin Christina Gerbig-Feick. Zum Teil n\u00e4hmen mehr als 40 Sch\u00fclerinnen und Sch\u00fcler das Angebot bis 17:30 Uhr wahr, \u201euns fehlt definitiv Personal\u201c. Doch das sei nicht finanzierbar.<\/p>\n<p>In der verbliebenen Tagesgruppe werde tagesstrukturierend gearbeitet und die Eltern mit einbezogen, sagt die Verantwortliche Gabriele Schneider. Die Nachfrage nach Tagesgruppenangeboten sei jedoch r\u00fcckl\u00e4ufig, was auch Jugendamtsleiterin Dagmar Scherer best\u00e4tigte. Und leider sei auch in letzter Zeit ein deutlicher R\u00fcckgang der Spenden zu verzeichnen, was insgesamt zu Finanzierungsl\u00fccken f\u00fchre.<\/p>\n<p>B\u00fcrgermeister Sch\u00e4fer regte Zweierlei an: Den Pakt f\u00fcr den Nachmittag zu nutzen und vielleicht ein Angebot f\u00fcr Unter-Dreij\u00e4hrige zu installieren. Zwar sei die Schule Organisatorin f\u00fcr die Nachmittagsbetreuung, die bisher in st\u00e4dtischen Einrichtungen stattfinde \u2013 aber vielleicht k\u00f6nnte hier eine Zusammenarbeit mit dem Hort zustande kommen. Und beim Angebot einer Krabbelgruppe sehe er gro\u00dfe Chancen, \u201ehier gibt es Bedarf an Pl\u00e4tzen\u201c.<\/p>\n","protected":false},"excerpt":{"rendered":"<div class=\"tmnf_excerpt\"><p>Elke Hengst (Gesch\u00e4ftsf\u00fchrerin) und ihr Vorstandskollegium hatten Jugenddezernent Dr. Jens Mischak, Jugendamtsleiterin Dagmar Scherer und B\u00fcrgermeister Hans-J\u00fcrgen Sch\u00e4fer eingeladen, um ihre Angebote vorzustellen und um gemeinsam nach neuen Wegen f\u00fcr die Zukunft zu suchen. Die Waldorfkindertagesst\u00e4tte in Schlitz ging 1991 an den Start, schon damals wurde integrativ gearbeitet. Von anfangs zwei Tagesgruppen hat sich das &hellip;<\/p>\n<\/div>","protected":false},"author":1,"featured_media":161444,"comment_status":"closed","ping_status":"closed","sticky":false,"template":"","format":"standard","meta":{"footnotes":""},"categories":[1],"tags":[],"class_list":["post-161430","post","type-post","status-publish","format-standard","has-post-thumbnail","hentry","category-startseite"],"_links":{"self":[{"href":"https:\/\/www.fuldaernachrichten.de\/index.php?rest_route=\/wp\/v2\/posts\/161430","targetHints":{"allow":["GET"]}}],"collection":[{"href":"https:\/\/www.fuldaernachrichten.de\/index.php?rest_route=\/wp\/v2\/posts"}],"about":[{"href":"https:\/\/www.fuldaernachrichten.de\/index.php?rest_route=\/wp\/v2\/types\/post"}],"author":[{"embeddable":true,"href":"https:\/\/www.fuldaernachrichten.de\/index.php?rest_route=\/wp\/v2\/users\/1"}],"replies":[{"embeddable":true,"href":"https:\/\/www.fuldaernachrichten.de\/index.php?rest_route=%2Fwp%2Fv2%2Fcomments&post=161430"}],"version-history":[{"count":1,"href":"https:\/\/www.fuldaernachrichten.de\/index.php?rest_route=\/wp\/v2\/posts\/161430\/revisions"}],"predecessor-version":[{"id":161445,"href":"https:\/\/www.fuldaernachrichten.de\/index.php?rest_route=\/wp\/v2\/posts\/161430\/revisions\/161445"}],"wp:featuredmedia":[{"embeddable":true,"href":"https:\/\/www.fuldaernachrichten.de\/index.php?rest_route=\/wp\/v2\/media\/161444"}],"wp:attachment":[{"href":"https:\/\/www.fuldaernachrichten.de\/index.php?rest_route=%2Fwp%2Fv2%2Fmedia&parent=161430"}],"wp:term":[{"taxonomy":"category","embeddable":true,"href":"https:\/\/www.fuldaernachrichten.de\/index.php?rest_route=%2Fwp%2Fv2%2Fcategories&post=161430"},{"taxonomy":"post_tag","embeddable":true,"href":"https:\/\/www.fuldaernachrichten.de\/index.php?rest_route=%2Fwp%2Fv2%2Ftags&post=161430"}],"curies":[{"name":"wp","href":"https:\/\/api.w.org\/{rel}","templated":true}]}}