{"id":161406,"date":"2017-03-25T10:01:30","date_gmt":"2017-03-25T09:01:30","guid":{"rendered":"http:\/\/www.fuldaer-nachrichten.de\/?p=161406"},"modified":"2017-03-25T10:01:30","modified_gmt":"2017-03-25T09:01:30","slug":"auch-in-2017-bietet-der-verein-natur-und-lebensraum-rhoen-das-bei-studenten-begehrte-dreimonatige-umweltpraktikum-auf-der-wasserkuppe-an","status":"publish","type":"post","link":"https:\/\/www.fuldaernachrichten.de\/?p=161406","title":{"rendered":"Auch in 2017 bietet der Verein Natur &#8211; und Lebensraum Rh\u00f6n das bei Studenten begehrte dreimonatige Umweltpraktikum auf der Wasserkuppe an."},"content":{"rendered":"<p>Das gemeinsam von den deutschen Gro\u00dfschutzgebieten und der Commerzbank in den fr\u00fchen 90er Jahren entwickelte Umweltpraktikum finanziert auch in diesem Jahr wieder 70 Praktikantenstellen, davon zwei in der hessischen Rh\u00f6n. F\u00fcr jeden Praktikumsmonat stellt die Commerzbank rund 500\u00e2\u201a\u00ac f\u00fcr Taschengeld und \u00dcbernachtung zur Verf\u00fcgung.<\/p>\n<p>Die aktuelle Commerzbank \u2013 Umweltpraktikantin Maren Szymiczek, welche von Februar bis April das Praktikum beim Biosph\u00e4renreservat absolviert, wurde nun der Leiterin der Commerzbankfiliale Fulda, Elke Sch\u00e4fer, vorgestellt. Die aus Hettenhausen stammende Studentin, die im 6. Semester Geographie in Gie\u00dfen studiert, besch\u00e4ftigt sich im Biosph\u00e4renreservat Rh\u00f6n mit Fragen rund um die Wasserversorgung und die Grundwasserpotenziale sowie die Qualit\u00e4t des bereitstehenden Grundwassers. Daneben werden der Praktikantin umfangreiche Einblicke in verschiedenste Arbeitsbereiche des Biosph\u00e4renreservates gew\u00e4hrt. So unterst\u00fctzte sie die Pr\u00e4sentation auf der Trendmesse, half bei der Vorbereitung einer internationalen Sternenparktagung und beim 2. Rh\u00f6ner Jugendforum in Gersfeld. Sie unterst\u00fctzt das Rotmilanprojekt der Rh\u00f6n, beteiligt sich an Fledermauskontrollen und lernt die Arbeit der verschiedenen Fachforen des Vereins Natur \u2013 und Lebensraum Rh\u00f6n kennen. <\/p>\n<p>Maren Szymiczek zeigte sich begeistert von der Vielfalt der Arbeitsbereiche und der so ganz anderen Lebenswirklichkeit des Biosph\u00e4renreservates im Vergleich zum Unialltag.<br \/>\nFrau Sch\u00e4fer dankte dem Gesch\u00e4ftsf\u00fchrer des Vereins, Martin Kremer, dass er seit vielen Jahren Studenten ein h\u00f6chst attraktives Praktikum anbietet, welches in den vergangenen Jahren in den Praktikumsberichten immer wieder als vorbildlich gelobt wurde. Gleichzeitig betont Frau Sch\u00e4fer, dass der Commerzbank das soziale Engagement wichtig ist und die Zusammenarbeit mit den Nationalen Naturlandschaften f\u00fcr die Bank im Sinne der Nachhaltigkeit einen hohen Stellenwert genie\u00dft.<\/p>\n","protected":false},"excerpt":{"rendered":"<div class=\"tmnf_excerpt\"><p>Das gemeinsam von den deutschen Gro\u00dfschutzgebieten und der Commerzbank in den fr\u00fchen 90er Jahren entwickelte Umweltpraktikum finanziert auch in diesem Jahr wieder 70 Praktikantenstellen, davon zwei in der hessischen Rh\u00f6n. F\u00fcr jeden Praktikumsmonat stellt die Commerzbank rund 500\u00e2\u201a\u00ac f\u00fcr Taschengeld und \u00dcbernachtung zur Verf\u00fcgung. Die aktuelle Commerzbank \u2013 Umweltpraktikantin Maren Szymiczek, welche von Februar bis &hellip;<\/p>\n<\/div>","protected":false},"author":1,"featured_media":0,"comment_status":"closed","ping_status":"closed","sticky":false,"template":"","format":"standard","meta":{"footnotes":""},"categories":[1],"tags":[],"class_list":["post-161406","post","type-post","status-publish","format-standard","hentry","category-startseite"],"_links":{"self":[{"href":"https:\/\/www.fuldaernachrichten.de\/index.php?rest_route=\/wp\/v2\/posts\/161406","targetHints":{"allow":["GET"]}}],"collection":[{"href":"https:\/\/www.fuldaernachrichten.de\/index.php?rest_route=\/wp\/v2\/posts"}],"about":[{"href":"https:\/\/www.fuldaernachrichten.de\/index.php?rest_route=\/wp\/v2\/types\/post"}],"author":[{"embeddable":true,"href":"https:\/\/www.fuldaernachrichten.de\/index.php?rest_route=\/wp\/v2\/users\/1"}],"replies":[{"embeddable":true,"href":"https:\/\/www.fuldaernachrichten.de\/index.php?rest_route=%2Fwp%2Fv2%2Fcomments&post=161406"}],"version-history":[{"count":1,"href":"https:\/\/www.fuldaernachrichten.de\/index.php?rest_route=\/wp\/v2\/posts\/161406\/revisions"}],"predecessor-version":[{"id":161411,"href":"https:\/\/www.fuldaernachrichten.de\/index.php?rest_route=\/wp\/v2\/posts\/161406\/revisions\/161411"}],"wp:attachment":[{"href":"https:\/\/www.fuldaernachrichten.de\/index.php?rest_route=%2Fwp%2Fv2%2Fmedia&parent=161406"}],"wp:term":[{"taxonomy":"category","embeddable":true,"href":"https:\/\/www.fuldaernachrichten.de\/index.php?rest_route=%2Fwp%2Fv2%2Fcategories&post=161406"},{"taxonomy":"post_tag","embeddable":true,"href":"https:\/\/www.fuldaernachrichten.de\/index.php?rest_route=%2Fwp%2Fv2%2Ftags&post=161406"}],"curies":[{"name":"wp","href":"https:\/\/api.w.org\/{rel}","templated":true}]}}