{"id":161399,"date":"2017-03-25T10:04:44","date_gmt":"2017-03-25T09:04:44","guid":{"rendered":"http:\/\/www.fuldaer-nachrichten.de\/?p=161399"},"modified":"2017-03-25T10:04:44","modified_gmt":"2017-03-25T09:04:44","slug":"bahnverbindung-gibt-den-takt-vor","status":"publish","type":"post","link":"https:\/\/www.fuldaernachrichten.de\/?p=161399","title":{"rendered":"Bahnverbindung gibt den Takt vor"},"content":{"rendered":"<p>Auf das Rock-Konzert hatte sich mein Mann schon lange gefreut. Nun sa\u00df er samstags im Linienbus von Tann nach Fulda, um von dort in den Regionalexpress nach Frankfurt\/Main umzusteigen. Bei N\u00fcst schien das Vorhaben mit einem lauten Knall zu scheitern: Ein Lieferwagen hatte den Bus beim Abbiegen gestreift.<\/p>\n<p>Der Busfahrer besprach sich mit dem F\u00fchrer des Sprinters, Personalien wurden getauscht \u2013 und noch w\u00e4hrend mein Gatte verzweifelt \u00fcberlegte, wie er jetzt p\u00fcnktlich zum Bahnhof gelangen sollte, ging die Fahrt weiter. Die Passagiere waren dem Busfahrer dankbar f\u00fcr dessen k\u00fchlen Kopf. Doch was ebenso dazu beigetragen hatte, das Ziel rechtzeitig zu erreichen, war ein ausgekl\u00fcgelter Nahverkehrsplan, der den lokalen Bus- mit dem Schienenverkehr verkn\u00fcpft \u2013 und dabei sogar Pufferzeiten f\u00fcr Zwischenf\u00e4lle vorsieht.<\/p>\n<p>2010 ist der derzeitig g\u00fcltige Nahverkehrsplan vom Kreistag des Landkreises Fulda verabschiedet worden, 2019 soll er fortgeschrieben werden. Bereits jetzt arbeiten die Verantwortlichen der Lokalen Nahverkehrsgesellschaft (LNG), zu der sich Kreis, St\u00e4dte und Gemeinden zusammengeschlossen haben, daran, alle Erfordernisse unter einen Hut zu bekommen. Denn aufgrund des Vergaberechts, das die Ausschreibung der Linienbedienung regelt, muss in K\u00fcrze der Plan vorliegen. Dessen Rahmen ist durch europarechtliche, bundesweite sowie die Bestimmungen des hessischen \u00d6PNV-Gesetzes festgelegt.  Zust\u00e4ndig f\u00fcr den schienengebundenen Personennahverkehr sind die Verb\u00fcnde, wie der Rhein-Main-Verkehrsverbund (RMV), w\u00e4hrend die Verantwortlichkeit f\u00fcr den stra\u00dfengebundenen \u00d6PNV bei den Kreisen und St\u00e4dten liegt.<\/p>\n<p>Die Zeiten der Bahnverbindungen von Fulda nach Kassel und nach Frankfurt (siehe Skizze: schwarze Linie) sowie die Fahrtzeiten von Rh\u00f6n- und Vogelsbergbahn (gestrichelte schwarze Linie) bilden das Ger\u00fcst, an das sich die Fahrpl\u00e4ne der Busse anlehnen. Weitere Zeitlagen, die ber\u00fccksichtigt werden m\u00fcssen, sind die Unterrichtszeiten der Sch\u00fcler, die mit 60 Prozent den Hauptanteil an Fahrg\u00e4sten im Kreisgebiet stellen. Das Grundversorgungsprinzip mit viermal t\u00e4glich verkehrenden Buslinien in allen Orten mit mindestens 200 Einwohnern geht neben den Bed\u00fcrfnissen der Sch\u00fcler und Pendler darauf ein, dass sowohl vor- als auch nachmittags Arztbesuche oder Eink\u00e4ufe per Bus m\u00f6glich sein sollen.<\/p>\n<p>Daf\u00fcr erschlie\u00dft die LNG das Kreisgebiet mit tragenden Linien (in der Skizze gr\u00fcn), beispielsweise der Linie 20 (Fulda-Tann) oder der Linie 30 (Fulda-Hilders). Diese fahren im Stundentakt. Weitere Linien (gr\u00fcn gestrichelt) dienen der \u00f6rtlichen Erschlie\u00dfung, etwa die Verbindung Hilders-Tann. Diese untergeordneten Linien werden alle zwei Stunden bedient. Hinzu kommen Extra-Verbindungen, die eigens f\u00fcr die Sch\u00fclerbef\u00f6rderung eingerichtet werden m\u00fcssen, aber von jedem genutzt werden k\u00f6nnen (gr\u00fcn gepunktet). Dazu geh\u00f6ren die Strecken von Hilders \u00fcber Gotthards nach H\u00fcnfeld, von Hosenfeld \u00fcber Kleinl\u00fcder ins Schulzentrum Gro\u00dfenl\u00fcder  oder von Rasdorf zur Lichtbergschule in Eiterfeld.<\/p>\n<p>Die Struktur des \u00d6PNV im Landkreis kann man sich als \u00fcbereinander angeordnete Ebenen vorstellen: Hierarchisch oben befindet sich die tragende Bahnverbindung, gefolgt von den beiden lokalen Bahnlinien. Darunter folgen die kreisweit erschlie\u00dfenden und darunter die zwischen\u00f6rtlichen Busverbindungen. Zuunterst stehen die Sonderlinien zur Sch\u00fclerbef\u00f6rderung. Genauso gut lassen sich diese f\u00fcnf miteinander verwobenen Komponenten als Netz darstellen: \u201eDas Gef\u00fcge des \u00d6PNV verh\u00e4lt sich wie ein Spinnennetz. Zieht man an nur einer Ecke, ver\u00e4ndert sich alles f\u00fcr alle\u201c, unterstreicht Ulrich St\u00fcttgen, Gesch\u00e4ftsf\u00fchrer der LNG. Er hofft daher auf Verst\u00e4ndnis, wenn ein Fahrplan dem pers\u00f6nlichen Bedarf nicht in jedem Einzelfall gen\u00fcgen kann. <\/p>\n","protected":false},"excerpt":{"rendered":"<div class=\"tmnf_excerpt\"><p>Auf das Rock-Konzert hatte sich mein Mann schon lange gefreut. Nun sa\u00df er samstags im Linienbus von Tann nach Fulda, um von dort in den Regionalexpress nach Frankfurt\/Main umzusteigen. Bei N\u00fcst schien das Vorhaben mit einem lauten Knall zu scheitern: Ein Lieferwagen hatte den Bus beim Abbiegen gestreift. Der Busfahrer besprach sich mit dem F\u00fchrer &hellip;<\/p>\n<\/div>","protected":false},"author":1,"featured_media":161424,"comment_status":"closed","ping_status":"closed","sticky":false,"template":"","format":"standard","meta":{"footnotes":""},"categories":[1],"tags":[],"class_list":["post-161399","post","type-post","status-publish","format-standard","has-post-thumbnail","hentry","category-startseite"],"_links":{"self":[{"href":"https:\/\/www.fuldaernachrichten.de\/index.php?rest_route=\/wp\/v2\/posts\/161399","targetHints":{"allow":["GET"]}}],"collection":[{"href":"https:\/\/www.fuldaernachrichten.de\/index.php?rest_route=\/wp\/v2\/posts"}],"about":[{"href":"https:\/\/www.fuldaernachrichten.de\/index.php?rest_route=\/wp\/v2\/types\/post"}],"author":[{"embeddable":true,"href":"https:\/\/www.fuldaernachrichten.de\/index.php?rest_route=\/wp\/v2\/users\/1"}],"replies":[{"embeddable":true,"href":"https:\/\/www.fuldaernachrichten.de\/index.php?rest_route=%2Fwp%2Fv2%2Fcomments&post=161399"}],"version-history":[{"count":1,"href":"https:\/\/www.fuldaernachrichten.de\/index.php?rest_route=\/wp\/v2\/posts\/161399\/revisions"}],"predecessor-version":[{"id":161425,"href":"https:\/\/www.fuldaernachrichten.de\/index.php?rest_route=\/wp\/v2\/posts\/161399\/revisions\/161425"}],"wp:featuredmedia":[{"embeddable":true,"href":"https:\/\/www.fuldaernachrichten.de\/index.php?rest_route=\/wp\/v2\/media\/161424"}],"wp:attachment":[{"href":"https:\/\/www.fuldaernachrichten.de\/index.php?rest_route=%2Fwp%2Fv2%2Fmedia&parent=161399"}],"wp:term":[{"taxonomy":"category","embeddable":true,"href":"https:\/\/www.fuldaernachrichten.de\/index.php?rest_route=%2Fwp%2Fv2%2Fcategories&post=161399"},{"taxonomy":"post_tag","embeddable":true,"href":"https:\/\/www.fuldaernachrichten.de\/index.php?rest_route=%2Fwp%2Fv2%2Ftags&post=161399"}],"curies":[{"name":"wp","href":"https:\/\/api.w.org\/{rel}","templated":true}]}}