{"id":161396,"date":"2017-03-25T10:00:34","date_gmt":"2017-03-25T09:00:34","guid":{"rendered":"http:\/\/www.fuldaer-nachrichten.de\/?p=161396"},"modified":"2017-03-25T10:00:34","modified_gmt":"2017-03-25T09:00:34","slug":"workshop-zum-thema-sauberkeitserziehung-und-grenzen-setzen-in-der-muetze","status":"publish","type":"post","link":"https:\/\/www.fuldaernachrichten.de\/?p=161396","title":{"rendered":"Workshop zum Thema \u201eSauberkeitserziehung\u201c und  \u201eGrenzen setzen\u201c in Der M\u00dcTZE"},"content":{"rendered":"<p>Das M\u00fctterzentrum \u201eDie M\u00dcTZE\u201c, Gallasiniring 8, in Fulda bietet am Samstag, 22.04.17 in der Zeit von 9.00 \u2013 11.30 Uhr einen Workshop zum Thema: \u201eVon der Windel auf den Topf und weiter \u2013 Sauberkeitserziehung!\u201c an. W\u00e4hrenddessen wird Kinderbetreuung angeboten. Die Kinder sollen oder sind schon im Kindergarten und sind noch nicht \u201esauber\u201c? Wie man dies fr\u00fchzeitig und ohne Stress f\u00fcr sich und das Kind erlernen kann, ist das Thema an diesem Samstag. Fragen wie z. B. Wie f\u00e4ngt man mit dem Kind die Sauberkeitserziehung an und wie kann man es begleiten, bis es sauber ist? Wann ist ein guter Zeitpunkt, welche Punkte sind zu beachten? werden gekl\u00e4rt.<\/p>\n<p>Ein weiterer Workshop \u201eAnderen Menschen Grenzen setzen\u201c \u2013 Mich abgrenzen k\u00f6nnen \u2013 auch mal \u201enein\u201c sagen statt \u201eja\u201c\u00e2\u20ac\u00a6 findet am Donnerstag, 27.04.17 in der Zeit von 15.15 \u2013 17.45 Uhr statt, auch hier wird w\u00e4hrenddessen Kinderbetreuung angeboten.<\/p>\n<p>Eine Anmeldung zu beiden Kursen ist jeweils eine Woche vorher erforderlich.<br \/>\nN\u00e4here Informationen auch im Internet unter www.muetze-fulda.de oder direkt unter<br \/>\nTel. 0661\/8050, Mo. \u2013 Fr. in der Zeit von 9.00 \u2013 13.00 Uhr.<\/p>\n","protected":false},"excerpt":{"rendered":"<div class=\"tmnf_excerpt\"><p>Das M\u00fctterzentrum \u201eDie M\u00dcTZE\u201c, Gallasiniring 8, in Fulda bietet am Samstag, 22.04.17 in der Zeit von 9.00 \u2013 11.30 Uhr einen Workshop zum Thema: \u201eVon der Windel auf den Topf und weiter \u2013 Sauberkeitserziehung!\u201c an. W\u00e4hrenddessen wird Kinderbetreuung angeboten. Die Kinder sollen oder sind schon im Kindergarten und sind noch nicht \u201esauber\u201c? Wie man dies &hellip;<\/p>\n<\/div>","protected":false},"author":1,"featured_media":0,"comment_status":"closed","ping_status":"closed","sticky":false,"template":"","format":"standard","meta":{"footnotes":""},"categories":[1],"tags":[],"class_list":["post-161396","post","type-post","status-publish","format-standard","hentry","category-startseite"],"_links":{"self":[{"href":"https:\/\/www.fuldaernachrichten.de\/index.php?rest_route=\/wp\/v2\/posts\/161396","targetHints":{"allow":["GET"]}}],"collection":[{"href":"https:\/\/www.fuldaernachrichten.de\/index.php?rest_route=\/wp\/v2\/posts"}],"about":[{"href":"https:\/\/www.fuldaernachrichten.de\/index.php?rest_route=\/wp\/v2\/types\/post"}],"author":[{"embeddable":true,"href":"https:\/\/www.fuldaernachrichten.de\/index.php?rest_route=\/wp\/v2\/users\/1"}],"replies":[{"embeddable":true,"href":"https:\/\/www.fuldaernachrichten.de\/index.php?rest_route=%2Fwp%2Fv2%2Fcomments&post=161396"}],"version-history":[{"count":1,"href":"https:\/\/www.fuldaernachrichten.de\/index.php?rest_route=\/wp\/v2\/posts\/161396\/revisions"}],"predecessor-version":[{"id":161408,"href":"https:\/\/www.fuldaernachrichten.de\/index.php?rest_route=\/wp\/v2\/posts\/161396\/revisions\/161408"}],"wp:attachment":[{"href":"https:\/\/www.fuldaernachrichten.de\/index.php?rest_route=%2Fwp%2Fv2%2Fmedia&parent=161396"}],"wp:term":[{"taxonomy":"category","embeddable":true,"href":"https:\/\/www.fuldaernachrichten.de\/index.php?rest_route=%2Fwp%2Fv2%2Fcategories&post=161396"},{"taxonomy":"post_tag","embeddable":true,"href":"https:\/\/www.fuldaernachrichten.de\/index.php?rest_route=%2Fwp%2Fv2%2Ftags&post=161396"}],"curies":[{"name":"wp","href":"https:\/\/api.w.org\/{rel}","templated":true}]}}