{"id":161395,"date":"2017-03-25T10:00:22","date_gmt":"2017-03-25T09:00:22","guid":{"rendered":"http:\/\/www.fuldaer-nachrichten.de\/?p=161395"},"modified":"2017-03-25T10:00:22","modified_gmt":"2017-03-25T09:00:22","slug":"neuer-kurzfilm-zum-themenkomplex-sterben-tod-und-trauer","status":"publish","type":"post","link":"https:\/\/www.fuldaernachrichten.de\/?p=161395","title":{"rendered":"Neuer Kurzfilm zum Themenkomplex Sterben, Tod und Trauer"},"content":{"rendered":"<p>Ein Mensch kann bspw. durch einen Herzinfarkt oder einen Unfall ganz unerwartet aus dem Leben gerissen werden. Seine Angeh\u00f6rigen wissen in dieser schwierigen Situation h\u00e4ufig nicht, was jetzt mit dem Verstorbenen geschieht, wie sie sich von ihm verabschieden k\u00f6nnen oder wo sie Unterst\u00fctzung finden. In ihrem neuen Kurzfilm \u201eWas passiert nach einem pl\u00f6tzlichen Tod?\u201c erkl\u00e4ren Sarah Benz und ihr Team, was eine Beschlagnahmung ist, welche Aufgaben die Notfallseelsorge hat und was den Zugeh\u00f6rigen dabei helfen kann, den Tod zu begreifen.<\/p>\n<p>Der Film ist Teil des Projekts \u201eSarggeschichten\u201c. Unter diesem Namen ver\u00f6ffentlichen Sarah Benz, Jan M\u00f6llers und Karen Admiraal Kurzfilme mit Themen und Fragen rund um Sterben, Tod und Trauer. Aktuell stehen unter www.palliativstiftung.de\/sarggeschichten insgesamt acht Kurzfilme zum Anschauen zur Verf\u00fcgung. Die Filme beantworten auf angenehm leichte Art und Weise Fragen wie \u201eWas kann ich sagen wenn jemand gestorben ist?\u201c, \u201eBraucht man zum Sterben einen Arzt?\u201c oder \u201eWas ist ein Hospiz?\u201c. <\/p>\n<p>Die Sarggeschichten richten sich an Menschen jeden Alters und insbesondere an junge Leute. Sie eignen sich als Gedankenanst\u00f6\u00dfe f\u00fcr Zwischendurch oder als Bildungsangebot f\u00fcr beispielsweise Kitas, Schulen, Jugendclubs, Seniorengruppen und einige mehr. Finanziell und inhaltlich unterst\u00fctzt wurde das Projekt von der Deutschen PalliativStiftung (DPS) sowie dem Hessischen Ministerium f\u00fcr Soziales und Integration (HMSI). <\/p>\n<p>Bildunterschrift: (v.l.n.r.) Sarah Benz, Jan M\u00f6llers und Karen Admiraal sind das Team hinter Sarggeschichten. <\/p>\n","protected":false},"excerpt":{"rendered":"<div class=\"tmnf_excerpt\"><p>Ein Mensch kann bspw. durch einen Herzinfarkt oder einen Unfall ganz unerwartet aus dem Leben gerissen werden. Seine Angeh\u00f6rigen wissen in dieser schwierigen Situation h\u00e4ufig nicht, was jetzt mit dem Verstorbenen geschieht, wie sie sich von ihm verabschieden k\u00f6nnen oder wo sie Unterst\u00fctzung finden. In ihrem neuen Kurzfilm \u201eWas passiert nach einem pl\u00f6tzlichen Tod?\u201c erkl\u00e4ren &hellip;<\/p>\n<\/div>","protected":false},"author":1,"featured_media":161404,"comment_status":"closed","ping_status":"closed","sticky":false,"template":"","format":"standard","meta":{"footnotes":""},"categories":[1],"tags":[],"class_list":["post-161395","post","type-post","status-publish","format-standard","has-post-thumbnail","hentry","category-startseite"],"_links":{"self":[{"href":"https:\/\/www.fuldaernachrichten.de\/index.php?rest_route=\/wp\/v2\/posts\/161395","targetHints":{"allow":["GET"]}}],"collection":[{"href":"https:\/\/www.fuldaernachrichten.de\/index.php?rest_route=\/wp\/v2\/posts"}],"about":[{"href":"https:\/\/www.fuldaernachrichten.de\/index.php?rest_route=\/wp\/v2\/types\/post"}],"author":[{"embeddable":true,"href":"https:\/\/www.fuldaernachrichten.de\/index.php?rest_route=\/wp\/v2\/users\/1"}],"replies":[{"embeddable":true,"href":"https:\/\/www.fuldaernachrichten.de\/index.php?rest_route=%2Fwp%2Fv2%2Fcomments&post=161395"}],"version-history":[{"count":1,"href":"https:\/\/www.fuldaernachrichten.de\/index.php?rest_route=\/wp\/v2\/posts\/161395\/revisions"}],"predecessor-version":[{"id":161407,"href":"https:\/\/www.fuldaernachrichten.de\/index.php?rest_route=\/wp\/v2\/posts\/161395\/revisions\/161407"}],"wp:featuredmedia":[{"embeddable":true,"href":"https:\/\/www.fuldaernachrichten.de\/index.php?rest_route=\/wp\/v2\/media\/161404"}],"wp:attachment":[{"href":"https:\/\/www.fuldaernachrichten.de\/index.php?rest_route=%2Fwp%2Fv2%2Fmedia&parent=161395"}],"wp:term":[{"taxonomy":"category","embeddable":true,"href":"https:\/\/www.fuldaernachrichten.de\/index.php?rest_route=%2Fwp%2Fv2%2Fcategories&post=161395"},{"taxonomy":"post_tag","embeddable":true,"href":"https:\/\/www.fuldaernachrichten.de\/index.php?rest_route=%2Fwp%2Fv2%2Ftags&post=161395"}],"curies":[{"name":"wp","href":"https:\/\/api.w.org\/{rel}","templated":true}]}}