{"id":161393,"date":"2017-03-25T09:59:05","date_gmt":"2017-03-25T08:59:05","guid":{"rendered":"http:\/\/www.fuldaer-nachrichten.de\/?p=161393"},"modified":"2017-03-25T09:59:25","modified_gmt":"2017-03-25T08:59:25","slug":"birgit-koempel-ist-aktiv-um-schliessung-des-huenfelder-standortes-zu-verhindern","status":"publish","type":"post","link":"https:\/\/www.fuldaernachrichten.de\/?p=161393","title":{"rendered":"Birgit K\u00f6mpel ist aktiv, um Schlie\u00dfung des H\u00fcnfelder Standortes zu verhindern"},"content":{"rendered":"<p>&#8220;Wir lassen die Wella-Leute in H\u00fcnfeld nicht im Stich und werden all unsere M\u00f6glichkeiten nutzen, um den Standort zu halten&#8221;, sagt die SPD-Bundestagsabgeordnete Birgit K\u00f6mpel (Wahlkreis Fulda\/Vogelsberg) nach Gespr\u00e4chen mit Bundeswirtschaftsministerin Brigitte Zypries (SPD) und dem Betriebsratsvorsitzenden Norbert Herr. <\/p>\n<p>Unmittelbar nach der Nachricht, dass das Unternehmen Cody beabsichtigt, das Wella-Werk in H\u00fcnfeld Ende 2018 zu schlie\u00dfen, war Birgit K\u00f6mpel aktiv geworden. 380 M\u00e4nner und Frauen laufen Gefahr, bis Ende des n\u00e4chsten Jahres ihre Jobs zu verlieren. &#8220;Das w\u00e4re ein schwerer Schlag f\u00fcr H\u00fcnfeld. Denn Wella ist ein Markenzeichen der Stadt&#8221;, sagt K\u00f6mpel, die die Strategie von Cody stark kritisiert: &#8220;Ich denke, es geht haupts\u00e4chlich um das Senken von Lohnkosten. Die gute Arbeit und die hohe Qualifizierung der Mitarbeiter\/innen erscheint zweitrangig.&#8221;<\/p>\n<p>Betriebsratsvorsitzender Norbert Herr und die Gewerkschaft IGBCE, in der circa 80 Prozent der Wella-Belegschaft organisiert sind, werden nun alles daran setzen, die Unternehmensleitung von Produktivit\u00e4t und Qualit\u00e4t des H\u00fcnfelder Werkes zu \u00fcberzeugen. &#8220;Ich halte das f\u00fcr die richtige Strategie&#8221;, sagt K\u00f6mpel. In H\u00fcnfeld k\u00f6nnten beispielsweise 15 unterschiedliche Pflegeprodukte t\u00e4glich abgef\u00fcllt werden, kein von Cody favorisierter Lohnabf\u00fcller k\u00f6nne dies leisten.<\/p>\n<p>Die Situation in H\u00fcnfeld hat Birgit K\u00f6mpel auch Bundeswirtschaftsministerin Brigitte Zypries (SPD) geschildert. Die Ministerin lebt in Darmstadt, wo Wella ebenfalls beheimatet ist. Daher kennt sie das Unternehmen. &#8220;Ich habe ihr den gesamten Vorgang mit Hintergr\u00fcnden und Presseberichten \u00fcbergeben&#8221;, sagt Birgit K\u00f6mpel. Brigitte Zypries habe ihr versprochen, sich f\u00fcr den Erhalt des Standortes H\u00fcnfeld einzusetzen. K\u00f6mpel abschlie\u00dfend: &#8220;Ich bin froh, dass die Wirtschaftsministerin helfen m\u00f6chte. Wir brauchen nun einen Schulterschluss von Belegschaft, Betriebsrat und Politik. Nur dann haben wir vielleicht eine Chance.&#8221;<\/p>\n","protected":false},"excerpt":{"rendered":"<div class=\"tmnf_excerpt\"><p>&#8220;Wir lassen die Wella-Leute in H\u00fcnfeld nicht im Stich und werden all unsere M\u00f6glichkeiten nutzen, um den Standort zu halten&#8221;, sagt die SPD-Bundestagsabgeordnete Birgit K\u00f6mpel (Wahlkreis Fulda\/Vogelsberg) nach Gespr\u00e4chen mit Bundeswirtschaftsministerin Brigitte Zypries (SPD) und dem Betriebsratsvorsitzenden Norbert Herr. Unmittelbar nach der Nachricht, dass das Unternehmen Cody beabsichtigt, das Wella-Werk in H\u00fcnfeld Ende 2018 zu &hellip;<\/p>\n<\/div>","protected":false},"author":1,"featured_media":161401,"comment_status":"closed","ping_status":"closed","sticky":false,"template":"","format":"standard","meta":{"footnotes":""},"categories":[1],"tags":[],"class_list":["post-161393","post","type-post","status-publish","format-standard","has-post-thumbnail","hentry","category-startseite"],"_links":{"self":[{"href":"https:\/\/www.fuldaernachrichten.de\/index.php?rest_route=\/wp\/v2\/posts\/161393","targetHints":{"allow":["GET"]}}],"collection":[{"href":"https:\/\/www.fuldaernachrichten.de\/index.php?rest_route=\/wp\/v2\/posts"}],"about":[{"href":"https:\/\/www.fuldaernachrichten.de\/index.php?rest_route=\/wp\/v2\/types\/post"}],"author":[{"embeddable":true,"href":"https:\/\/www.fuldaernachrichten.de\/index.php?rest_route=\/wp\/v2\/users\/1"}],"replies":[{"embeddable":true,"href":"https:\/\/www.fuldaernachrichten.de\/index.php?rest_route=%2Fwp%2Fv2%2Fcomments&post=161393"}],"version-history":[{"count":1,"href":"https:\/\/www.fuldaernachrichten.de\/index.php?rest_route=\/wp\/v2\/posts\/161393\/revisions"}],"predecessor-version":[{"id":161400,"href":"https:\/\/www.fuldaernachrichten.de\/index.php?rest_route=\/wp\/v2\/posts\/161393\/revisions\/161400"}],"wp:featuredmedia":[{"embeddable":true,"href":"https:\/\/www.fuldaernachrichten.de\/index.php?rest_route=\/wp\/v2\/media\/161401"}],"wp:attachment":[{"href":"https:\/\/www.fuldaernachrichten.de\/index.php?rest_route=%2Fwp%2Fv2%2Fmedia&parent=161393"}],"wp:term":[{"taxonomy":"category","embeddable":true,"href":"https:\/\/www.fuldaernachrichten.de\/index.php?rest_route=%2Fwp%2Fv2%2Fcategories&post=161393"},{"taxonomy":"post_tag","embeddable":true,"href":"https:\/\/www.fuldaernachrichten.de\/index.php?rest_route=%2Fwp%2Fv2%2Ftags&post=161393"}],"curies":[{"name":"wp","href":"https:\/\/api.w.org\/{rel}","templated":true}]}}