{"id":161378,"date":"2017-03-23T07:47:17","date_gmt":"2017-03-23T06:47:17","guid":{"rendered":"http:\/\/www.fuldaer-nachrichten.de\/?p=161378"},"modified":"2017-03-23T07:47:17","modified_gmt":"2017-03-23T06:47:17","slug":"prall-gefuellt-das-programmheft-der-seniorenwoche-ist-da","status":"publish","type":"post","link":"https:\/\/www.fuldaernachrichten.de\/?p=161378","title":{"rendered":"Prall gef\u00fcllt: Das Programmheft der Seniorenwoche ist da"},"content":{"rendered":"<p><a href=\"http:\/\/www.fuldaer-nachrichten.de\/wp-content\/uploads\/2017\/03\/Programmheft_Blumen.jpg\"><img fetchpriority=\"high\" decoding=\"async\" src=\"http:\/\/www.fuldaer-nachrichten.de\/wp-content\/uploads\/2017\/03\/Programmheft_Blumen-265x199.jpg\" alt=\"\" width=\"265\" height=\"199\" class=\"alignleft size-thumbnail wp-image-161389\" srcset=\"https:\/\/www.fuldaernachrichten.de\/wp-content\/uploads\/2017\/03\/Programmheft_Blumen-265x199.jpg 265w, https:\/\/www.fuldaernachrichten.de\/wp-content\/uploads\/2017\/03\/Programmheft_Blumen-768x578.jpg 768w, https:\/\/www.fuldaernachrichten.de\/wp-content\/uploads\/2017\/03\/Programmheft_Blumen-600x451.jpg 600w, https:\/\/www.fuldaernachrichten.de\/wp-content\/uploads\/2017\/03\/Programmheft_Blumen.jpg 900w\" sizes=\"(max-width: 265px) 100vw, 265px\" \/><\/a>So umfangreich wie nie ist das Programm der Fuldaer Seniorenwoche 2017, die vom 19. bis 28. April stattfindet. Sage und schreibe 182 Veranstaltungen bieten die insgesamt 56 Kooperationspartner an \u2013 von der Archivbesichtigung bis zur Venenfunktionsmessung. <\/p>\n<p>Das Seniorenb\u00fcro der Stadt Fulda hat wieder flei\u00dfig koordiniert \u2013 die Zahl der Veranstaltungen hat sich gegen\u00fcber der Seniorenwoche 2015 schlie\u00dflich nahezu verdoppelt (die Seniorenwoche findet alle zwei Jahre statt). Eine praktische Neuerung in dem 110 Seiten starken Heft ist ein \u201eStundenplan\u201c, in dem man nach Lust und Laune seine favorisierten Veranstaltungen eintragen kann. <\/p>\n<p><a href=\"http:\/\/www.fuldaer-nachrichten.de\/wp-content\/uploads\/2017\/03\/PlakatA4_Seniorenwoche2017_web.jpg\"><img decoding=\"async\" src=\"http:\/\/www.fuldaer-nachrichten.de\/wp-content\/uploads\/2017\/03\/PlakatA4_Seniorenwoche2017_web-265x374.jpg\" alt=\"\" width=\"265\" height=\"374\" class=\"alignleft size-thumbnail wp-image-161387\" srcset=\"https:\/\/www.fuldaernachrichten.de\/wp-content\/uploads\/2017\/03\/PlakatA4_Seniorenwoche2017_web-265x374.jpg 265w, https:\/\/www.fuldaernachrichten.de\/wp-content\/uploads\/2017\/03\/PlakatA4_Seniorenwoche2017_web-188x265.jpg 188w, https:\/\/www.fuldaernachrichten.de\/wp-content\/uploads\/2017\/03\/PlakatA4_Seniorenwoche2017_web-425x600.jpg 425w, https:\/\/www.fuldaernachrichten.de\/wp-content\/uploads\/2017\/03\/PlakatA4_Seniorenwoche2017_web.jpg 601w\" sizes=\"(max-width: 265px) 100vw, 265px\" \/><\/a>Zu den besonderen Veranstaltungen im diesj\u00e4hrigen Programm z\u00e4hlt der Auftakt am Mittwoch, 19. April, um 14 Uhr im F\u00fcrstensaal: Eine Talkrunde zum Thema \u201e\u00c4lter werden \u2013 aktiv bleiben\u201c mit Altoberb\u00fcrgermeister Gerhard M\u00f6ller und der ehemaligen Landtagsabgeordneten Silvia Hillenbrand. Und Gisela Wehr-Tiemeier vom Seniorenb\u00fcro der Stadt Fulda hat noch einen weiteren Favoriten: \u201eIch freue mich ganz besonders auf den Bildvortrag ,Fulda einst und heute\u00e2\u20ac\u02dc mit Dr. Thomas Heiler am Freitag, 28. April um 10 Uhr im Kanzlerpalais.\u201c Grunds\u00e4tzlich weist sie darauf hin, dass die Veranstaltungen nat\u00fcrlich nicht exklusiv f\u00fcr Seniorinnen und Senioren sind, sondern dass beispielsweise auch j\u00fcngere Angeh\u00f6rige bei allen Veranstaltungen willkommen sind.   <\/p>\n<p>Erh\u00e4ltlich ist das Programmheft unter anderem im B\u00fcrgerb\u00fcro, im Seniorenb\u00fcro (Palais Buttlar und Au\u00dfenstelle Dr. H\u00f6fling-Stra\u00dfe 2) sowie in gr\u00f6\u00dferen Sparkassen-Filialen. Online verf\u00fcgbar ist das Heft auf www.fulda.de. <\/p>\n","protected":false},"excerpt":{"rendered":"<div class=\"tmnf_excerpt\"><p>So umfangreich wie nie ist das Programm der Fuldaer Seniorenwoche 2017, die vom 19. bis 28. April stattfindet. Sage und schreibe 182 Veranstaltungen bieten die insgesamt 56 Kooperationspartner an \u2013 von der Archivbesichtigung bis zur Venenfunktionsmessung. Das Seniorenb\u00fcro der Stadt Fulda hat wieder flei\u00dfig koordiniert \u2013 die Zahl der Veranstaltungen hat sich gegen\u00fcber der Seniorenwoche &hellip;<\/p>\n<\/div>","protected":false},"author":1,"featured_media":161388,"comment_status":"closed","ping_status":"closed","sticky":false,"template":"","format":"standard","meta":{"footnotes":""},"categories":[1],"tags":[],"class_list":["post-161378","post","type-post","status-publish","format-standard","has-post-thumbnail","hentry","category-startseite"],"_links":{"self":[{"href":"https:\/\/www.fuldaernachrichten.de\/index.php?rest_route=\/wp\/v2\/posts\/161378","targetHints":{"allow":["GET"]}}],"collection":[{"href":"https:\/\/www.fuldaernachrichten.de\/index.php?rest_route=\/wp\/v2\/posts"}],"about":[{"href":"https:\/\/www.fuldaernachrichten.de\/index.php?rest_route=\/wp\/v2\/types\/post"}],"author":[{"embeddable":true,"href":"https:\/\/www.fuldaernachrichten.de\/index.php?rest_route=\/wp\/v2\/users\/1"}],"replies":[{"embeddable":true,"href":"https:\/\/www.fuldaernachrichten.de\/index.php?rest_route=%2Fwp%2Fv2%2Fcomments&post=161378"}],"version-history":[{"count":1,"href":"https:\/\/www.fuldaernachrichten.de\/index.php?rest_route=\/wp\/v2\/posts\/161378\/revisions"}],"predecessor-version":[{"id":161390,"href":"https:\/\/www.fuldaernachrichten.de\/index.php?rest_route=\/wp\/v2\/posts\/161378\/revisions\/161390"}],"wp:featuredmedia":[{"embeddable":true,"href":"https:\/\/www.fuldaernachrichten.de\/index.php?rest_route=\/wp\/v2\/media\/161388"}],"wp:attachment":[{"href":"https:\/\/www.fuldaernachrichten.de\/index.php?rest_route=%2Fwp%2Fv2%2Fmedia&parent=161378"}],"wp:term":[{"taxonomy":"category","embeddable":true,"href":"https:\/\/www.fuldaernachrichten.de\/index.php?rest_route=%2Fwp%2Fv2%2Fcategories&post=161378"},{"taxonomy":"post_tag","embeddable":true,"href":"https:\/\/www.fuldaernachrichten.de\/index.php?rest_route=%2Fwp%2Fv2%2Ftags&post=161378"}],"curies":[{"name":"wp","href":"https:\/\/api.w.org\/{rel}","templated":true}]}}