{"id":161376,"date":"2017-03-23T07:47:44","date_gmt":"2017-03-23T06:47:44","guid":{"rendered":"http:\/\/www.fuldaer-nachrichten.de\/?p=161376"},"modified":"2017-03-23T07:47:44","modified_gmt":"2017-03-23T06:47:44","slug":"der-dahliengarten-oase-fuer-eine-meditative-auszeit","status":"publish","type":"post","link":"https:\/\/www.fuldaernachrichten.de\/?p=161376","title":{"rendered":"Der Dahliengarten \u2013 Oase f\u00fcr eine meditative Auszeit"},"content":{"rendered":"<p>Wer einmal mitten in der Stadt eine meditative Auszeit nehmen m\u00f6chte, der ist im Fuldaer Dahliengarten goldrichtig: Der versteckt, aber auch gesch\u00fctzt hinter hohen Mauern zwischen Stift Wallenstein, Hexenturm und Johannes-Dyba-Allee in unmittelbarer N\u00e4he der Domes liegende Garten ist ab sofort von 9 bis 19 Uhr f\u00fcr Besucher ge\u00f6ffnet. Und auch wenn die Dahliensaison noch nicht begonnen hat, so d\u00fcrfen sich die Freunde dieser ganz besonderen Blumen auf einige Neuheiten im Sommer freuen.<\/p>\n<p>\u201eWer etwa beim Einkaufen einmal dem Innenstadttrubel entfliehen und sich eine kleine Auszeit g\u00f6nnen m\u00f6chten, der ist in unserem Dahliengarten herzlich willkommen\u201c, sagt Dirk Handwerk vom Amt f\u00fcr Gr\u00fcnfl\u00e4chen und Stadtservice.<br \/>\nUnd nicht nur die Blumenpracht, sondern auch die heimische Vogelwelt wie Rotkehlchen, Spatz &#038; Co. l\u00e4sst sich im Garten beobachten. Die Entstehungsgeschichte des Dahliengartens reicht \u00fcbrigens bis zur 1. Hessischen Landesgartenschau 1994 in Fulda zur\u00fcck: Seinerzeit lie\u00df der damalige Gartenamtsleiter Rudolf Theuer im Bereich eines Hinterhofgem\u00fcsegartens einen prachtvollen Stadtgarten mit Mittelamerikanischen Dahlien gestalten.<\/p>\n<p>Zurzeit haben die Beete im Dahliengarten noch die Fr\u00fchlingsbepflanzung und bl\u00fchen in zarten wei\u00dfen, gelben und hellblauen T\u00f6nen. Eingefasst sind sie mit kr\u00e4ftigen gelben und blauen Stiefm\u00fctterchen. Mitte Mai, nach dem endg\u00fcltigen Ende der Frostperiode, werden dann die Dahlienknollen gepflanzt. Und dieses Jahr gibt es wieder einige Neuheiten zu bewundern. Es sind die Sorten \u201eKarma Prospera\u201c, Mr. Optimist, \u201eWhite Onesta\u201c, und \u201eDeutschland\u201c. <\/p>\n<p>Der Eintritt in den Dahliengarten ist kostenlos. Das Gr\u00fcnfl\u00e4chenamt freut sich auf Ihren Besuch. Und ihre Fragen zum Dahliengarten k\u00f6nnen Sie gerne auch per E-Mail stellen: marcel.waber@fulda.de<\/p>\n","protected":false},"excerpt":{"rendered":"<div class=\"tmnf_excerpt\"><p>Wer einmal mitten in der Stadt eine meditative Auszeit nehmen m\u00f6chte, der ist im Fuldaer Dahliengarten goldrichtig: Der versteckt, aber auch gesch\u00fctzt hinter hohen Mauern zwischen Stift Wallenstein, Hexenturm und Johannes-Dyba-Allee in unmittelbarer N\u00e4he der Domes liegende Garten ist ab sofort von 9 bis 19 Uhr f\u00fcr Besucher ge\u00f6ffnet. Und auch wenn die Dahliensaison noch &hellip;<\/p>\n<\/div>","protected":false},"author":1,"featured_media":161386,"comment_status":"closed","ping_status":"closed","sticky":false,"template":"","format":"standard","meta":{"footnotes":""},"categories":[1],"tags":[],"class_list":["post-161376","post","type-post","status-publish","format-standard","has-post-thumbnail","hentry","category-startseite"],"_links":{"self":[{"href":"https:\/\/www.fuldaernachrichten.de\/index.php?rest_route=\/wp\/v2\/posts\/161376","targetHints":{"allow":["GET"]}}],"collection":[{"href":"https:\/\/www.fuldaernachrichten.de\/index.php?rest_route=\/wp\/v2\/posts"}],"about":[{"href":"https:\/\/www.fuldaernachrichten.de\/index.php?rest_route=\/wp\/v2\/types\/post"}],"author":[{"embeddable":true,"href":"https:\/\/www.fuldaernachrichten.de\/index.php?rest_route=\/wp\/v2\/users\/1"}],"replies":[{"embeddable":true,"href":"https:\/\/www.fuldaernachrichten.de\/index.php?rest_route=%2Fwp%2Fv2%2Fcomments&post=161376"}],"version-history":[{"count":1,"href":"https:\/\/www.fuldaernachrichten.de\/index.php?rest_route=\/wp\/v2\/posts\/161376\/revisions"}],"predecessor-version":[{"id":161392,"href":"https:\/\/www.fuldaernachrichten.de\/index.php?rest_route=\/wp\/v2\/posts\/161376\/revisions\/161392"}],"wp:featuredmedia":[{"embeddable":true,"href":"https:\/\/www.fuldaernachrichten.de\/index.php?rest_route=\/wp\/v2\/media\/161386"}],"wp:attachment":[{"href":"https:\/\/www.fuldaernachrichten.de\/index.php?rest_route=%2Fwp%2Fv2%2Fmedia&parent=161376"}],"wp:term":[{"taxonomy":"category","embeddable":true,"href":"https:\/\/www.fuldaernachrichten.de\/index.php?rest_route=%2Fwp%2Fv2%2Fcategories&post=161376"},{"taxonomy":"post_tag","embeddable":true,"href":"https:\/\/www.fuldaernachrichten.de\/index.php?rest_route=%2Fwp%2Fv2%2Ftags&post=161376"}],"curies":[{"name":"wp","href":"https:\/\/api.w.org\/{rel}","templated":true}]}}