{"id":161369,"date":"2017-03-23T07:42:26","date_gmt":"2017-03-23T06:42:26","guid":{"rendered":"http:\/\/www.fuldaer-nachrichten.de\/?p=161369"},"modified":"2017-03-23T07:42:26","modified_gmt":"2017-03-23T06:42:26","slug":"vogelgrippe-landesweite-stallpflicht-weitgehend-aufgehoben","status":"publish","type":"post","link":"https:\/\/www.fuldaernachrichten.de\/?p=161369","title":{"rendered":"Vogelgrippe &#8211; landesweite Stallpflicht weitgehend aufgehoben"},"content":{"rendered":"<p>Zahl best\u00e4tigter Verdachtsf\u00e4lle r\u00fcckl\u00e4ufig \/ Biosicherheitsma\u00dfnahmen weiterhin konsequent einhalten<\/p>\n<p>Die aktuelle Zahl von Vogelgrippe bei Wildv\u00f6geln in Hessen ist r\u00fcckl\u00e4ufig. Der letzte infizierte Wildvogel wurde am 6. M\u00e4rz 2017 aufgefunden. Das gab Umweltministerin Priska Hinz heute in Wiesbaden bekannt. \u201eDie Stallpflicht in Hessen kann aufgrund dieser Entwicklungen grunds\u00e4tzlich aufgehoben werden. Ich danke allen Gefl\u00fcgelhalterinnen und Gefl\u00fcgelhaltern f\u00fcr ihre Geduld und ihr Verst\u00e4ndnis. Ich wei\u00df, dass die zur\u00fcckliegenden Monate f\u00fcr Mensch und Tier nicht leicht waren\u201c, sagte Hinz. Ab sofort gilt die Stallpflicht nur noch in den definierten Risikogebieten, also in der N\u00e4he von Wasservogelrast- und Wildvogelsammelpl\u00e4tzen sowie in den aufgrund von Vogelgrippeausbr\u00fcchen bei Wildv\u00f6geln eingerichteten Restriktionszonen. Damit sind bis auf weiteres auch wieder lokale Gefl\u00fcgelausstellungen m\u00f6glich.<\/p>\n<p>Das Umweltministerium hat heute eine neue Risikoeinsch\u00e4tzung vorgenommen, wonach sich der Infektionsdruck durch die ge\u00e4nderten Witterungsverh\u00e4ltnisse und den weitgehend abgeschlossenen Fr\u00fchjahrsvogelzug voraussichtlich noch weiter verringern wird. \u201cEine Abw\u00e4gung zwischen den gravierenden Tierschutzproblemen einerseits und dem geringen Zuwachs an Biosicherheit durch eine anhaltende gro\u00dffl\u00e4chige Stallpflicht andererseits hat uns veranlasst, diese in Hessen grunds\u00e4tzlich aufzuheben\u201c, so die zust\u00e4ndige Ministerin.<\/p>\n<p>\u201eUmso wichtiger ist allerdings die konsequente Einhaltung der Biosicherheitsma\u00dfnahmen. Dies ist unabh\u00e4ngig von der Stallpflicht der beste Schutz vor einer Einschleppung der Vogelgrippe\u201c, appellierte die Ministerin an die Gefl\u00fcgelhalterinnen und -halter. Au\u00dferdem wird das bestehende Wildvogelmonitoring intensiv weitergef\u00fchrt, um eine erneute gr\u00f6\u00dfere Ausbreitung der Vogelgrippe in der Wildvogelpopulation rasch zu erkennen. Der Vogelgrippeerreger ist immer noch vorhanden und kann jederzeit wieder aktiv werden. Hinz: \u201eDas konsequente Handeln der Veterin\u00e4rbeh\u00f6rden und die Vernunft der Gefl\u00fcgelhalterinnen und -halter haben ein gro\u00dffl\u00e4chiges \u00dcbergreifen der Gefl\u00fcgelpest auf Nutztierbest\u00e4nde in Hessen erfolgreich verhindert. Dennoch ist weiterhin erh\u00f6hte Wachsamkeit gefragt. Das Risiko einer Einschleppung des Gefl\u00fcgelpesterregers kann nicht hundertprozentig ausgeschlossen werden\u201c, so die Ministerin. \u201eAlle Halterinnen und Halter von Gefl\u00fcgel sind nach wie vor zur gr\u00f6\u00dften Sorgfalt bei den Hygienema\u00dfnahmen aufgerufen\u201c, betonte Ministerin Hinz.<\/p>\n","protected":false},"excerpt":{"rendered":"<div class=\"tmnf_excerpt\"><p>Zahl best\u00e4tigter Verdachtsf\u00e4lle r\u00fcckl\u00e4ufig \/ Biosicherheitsma\u00dfnahmen weiterhin konsequent einhalten Die aktuelle Zahl von Vogelgrippe bei Wildv\u00f6geln in Hessen ist r\u00fcckl\u00e4ufig. Der letzte infizierte Wildvogel wurde am 6. M\u00e4rz 2017 aufgefunden. Das gab Umweltministerin Priska Hinz heute in Wiesbaden bekannt. \u201eDie Stallpflicht in Hessen kann aufgrund dieser Entwicklungen grunds\u00e4tzlich aufgehoben werden. Ich danke allen Gefl\u00fcgelhalterinnen und &hellip;<\/p>\n<\/div>","protected":false},"author":1,"featured_media":0,"comment_status":"closed","ping_status":"closed","sticky":false,"template":"","format":"standard","meta":{"footnotes":""},"categories":[1],"tags":[],"class_list":["post-161369","post","type-post","status-publish","format-standard","hentry","category-startseite"],"_links":{"self":[{"href":"https:\/\/www.fuldaernachrichten.de\/index.php?rest_route=\/wp\/v2\/posts\/161369","targetHints":{"allow":["GET"]}}],"collection":[{"href":"https:\/\/www.fuldaernachrichten.de\/index.php?rest_route=\/wp\/v2\/posts"}],"about":[{"href":"https:\/\/www.fuldaernachrichten.de\/index.php?rest_route=\/wp\/v2\/types\/post"}],"author":[{"embeddable":true,"href":"https:\/\/www.fuldaernachrichten.de\/index.php?rest_route=\/wp\/v2\/users\/1"}],"replies":[{"embeddable":true,"href":"https:\/\/www.fuldaernachrichten.de\/index.php?rest_route=%2Fwp%2Fv2%2Fcomments&post=161369"}],"version-history":[{"count":1,"href":"https:\/\/www.fuldaernachrichten.de\/index.php?rest_route=\/wp\/v2\/posts\/161369\/revisions"}],"predecessor-version":[{"id":161375,"href":"https:\/\/www.fuldaernachrichten.de\/index.php?rest_route=\/wp\/v2\/posts\/161369\/revisions\/161375"}],"wp:attachment":[{"href":"https:\/\/www.fuldaernachrichten.de\/index.php?rest_route=%2Fwp%2Fv2%2Fmedia&parent=161369"}],"wp:term":[{"taxonomy":"category","embeddable":true,"href":"https:\/\/www.fuldaernachrichten.de\/index.php?rest_route=%2Fwp%2Fv2%2Fcategories&post=161369"},{"taxonomy":"post_tag","embeddable":true,"href":"https:\/\/www.fuldaernachrichten.de\/index.php?rest_route=%2Fwp%2Fv2%2Ftags&post=161369"}],"curies":[{"name":"wp","href":"https:\/\/api.w.org\/{rel}","templated":true}]}}