{"id":161364,"date":"2017-03-23T07:42:08","date_gmt":"2017-03-23T06:42:08","guid":{"rendered":"http:\/\/www.fuldaer-nachrichten.de\/?p=161364"},"modified":"2017-03-23T07:42:08","modified_gmt":"2017-03-23T06:42:08","slug":"programm-kip-macht-schule-bringt-dem-vogelsbergkreis-117-millionen-euro-wir-haben-mehr-erwartet","status":"publish","type":"post","link":"https:\/\/www.fuldaernachrichten.de\/?p=161364","title":{"rendered":"Programm \u201eKIP macht Schule\u201c bringt dem Vogelsbergkreis 11,7 Millionen Euro \u2013 \u201eWir haben mehr erwartet\u201c"},"content":{"rendered":"<p>\u201eDas ist eine gute Sache, die aber auch zeigt, wo das Problem liegt.\u201c Das ist die Bewertung von Landrat Manfred G\u00f6rig (SPD) zur Mitteilung der Landesregierung, dass im Programm \u201eKIP macht Schule\u201c der Vogelsbergkreis in einer Gr\u00f6\u00dfenordnung von 11,7 Millionen Euro teilnimmt. Es handelt sich um Mittel aus dem Sonderprogramm des Bundes.<\/p>\n<p>Nat\u00fcrlich sei dieses zus\u00e4tzliche Geld enorm hilfreich f\u00fcr die Infrastruktur und insbesondere die Schulen. Die Tatsache, dass es eines solchen weiteren Programms aber \u00fcberhaupt bed\u00fcrfe, um das zu erledigen, was die Schultr\u00e4ger erledigen sollen, zeige: Die Landkreise sind vom System her unterfinanziert. \u201eDas ist und bleibt ein Webfehler im Geflecht der Finanzbeziehungen\u201c, so Landrat G\u00f6rig.<\/p>\n<p>Auch bei der Art und Weise der Zuweisung sei man wieder \u201enach dem alten Muster\u201c verfahren: man habe die Verteilung nach Sch\u00fclerzahlen vorgenommen. G\u00f6rig: \u201eWir haben weniger Sch\u00fcler \u2013 aber trotzdem eine hohe Anzahl an Schulstandorten. Das findet keine Ber\u00fccksichtigung.\u201c<\/p>\n<p>Vielmehr benachteilige diese Vorgehensweise erneut die Fl\u00e4chenkreise \u2013 so auch den Vogelsberg. \u201eDie besonderen Anforderungen des l\u00e4ndlichen Raumes sind noch immer nicht verstanden worden.\u201c Er sage dies bei aller Freude \u00fcber die Zuweisung. Aber nicht zuletzt wegen des von ihm als nicht hinreichend bewerteten \u201eSchl\u00fcssels\u201c sei es weniger geworden. \u201eWir haben mehr erwartet\u201c, verdeutlicht der Landrat.<\/p>\n<p>Oberwaldschule Grebenhain und Berufsschule Lauterbach oben auf der Agenda<\/p>\n<p>Was die Aufteilung auf m\u00f6gliche Schulprojekte angehe, so m\u00fcsse man jetzt nat\u00fcrlich erstmal die Bedingungen der Inanspruchnahme abwarten. Sicher sei aber bereits jetzt, dass zwei Projekte oben auf der Agenda stehen, die nun auch zum Zuge kommen w\u00fcrden: die Sanierung der Oberwaldschule Grebenhain und die Sanierung der Vogelsbergschule (Berufsschule) in Lauterbach. Weitere Projekte w\u00e4ren gegebenenfalls m\u00f6glich \u2013 je nach Bedingungen und entsprechend der Frage, wie viel Geld dann noch zur Verf\u00fcgung st\u00fcnde.<\/p>\n","protected":false},"excerpt":{"rendered":"<div class=\"tmnf_excerpt\"><p>\u201eDas ist eine gute Sache, die aber auch zeigt, wo das Problem liegt.\u201c Das ist die Bewertung von Landrat Manfred G\u00f6rig (SPD) zur Mitteilung der Landesregierung, dass im Programm \u201eKIP macht Schule\u201c der Vogelsbergkreis in einer Gr\u00f6\u00dfenordnung von 11,7 Millionen Euro teilnimmt. Es handelt sich um Mittel aus dem Sonderprogramm des Bundes. Nat\u00fcrlich sei dieses &hellip;<\/p>\n<\/div>","protected":false},"author":1,"featured_media":0,"comment_status":"closed","ping_status":"closed","sticky":false,"template":"","format":"standard","meta":{"footnotes":""},"categories":[1],"tags":[],"class_list":["post-161364","post","type-post","status-publish","format-standard","hentry","category-startseite"],"_links":{"self":[{"href":"https:\/\/www.fuldaernachrichten.de\/index.php?rest_route=\/wp\/v2\/posts\/161364","targetHints":{"allow":["GET"]}}],"collection":[{"href":"https:\/\/www.fuldaernachrichten.de\/index.php?rest_route=\/wp\/v2\/posts"}],"about":[{"href":"https:\/\/www.fuldaernachrichten.de\/index.php?rest_route=\/wp\/v2\/types\/post"}],"author":[{"embeddable":true,"href":"https:\/\/www.fuldaernachrichten.de\/index.php?rest_route=\/wp\/v2\/users\/1"}],"replies":[{"embeddable":true,"href":"https:\/\/www.fuldaernachrichten.de\/index.php?rest_route=%2Fwp%2Fv2%2Fcomments&post=161364"}],"version-history":[{"count":1,"href":"https:\/\/www.fuldaernachrichten.de\/index.php?rest_route=\/wp\/v2\/posts\/161364\/revisions"}],"predecessor-version":[{"id":161372,"href":"https:\/\/www.fuldaernachrichten.de\/index.php?rest_route=\/wp\/v2\/posts\/161364\/revisions\/161372"}],"wp:attachment":[{"href":"https:\/\/www.fuldaernachrichten.de\/index.php?rest_route=%2Fwp%2Fv2%2Fmedia&parent=161364"}],"wp:term":[{"taxonomy":"category","embeddable":true,"href":"https:\/\/www.fuldaernachrichten.de\/index.php?rest_route=%2Fwp%2Fv2%2Fcategories&post=161364"},{"taxonomy":"post_tag","embeddable":true,"href":"https:\/\/www.fuldaernachrichten.de\/index.php?rest_route=%2Fwp%2Fv2%2Ftags&post=161364"}],"curies":[{"name":"wp","href":"https:\/\/api.w.org\/{rel}","templated":true}]}}