{"id":161356,"date":"2017-03-23T07:40:46","date_gmt":"2017-03-23T06:40:46","guid":{"rendered":"http:\/\/www.fuldaer-nachrichten.de\/?p=161356"},"modified":"2017-03-23T07:40:46","modified_gmt":"2017-03-23T06:40:46","slug":"osterspiel-und-bastelnachmittag-im-jugendzentrum-kirchheim","status":"publish","type":"post","link":"https:\/\/www.fuldaernachrichten.de\/?p=161356","title":{"rendered":"Osterspiel- und Bastelnachmittag im Jugendzentrum Kirchheim"},"content":{"rendered":"<p>Ostern steht vor der T\u00fcr und deshalb gibt es am Dienstag, dem 04.April ab 14:30 Uhr einen lustigen, bunten Osterspiel- und Bastelnachmittag f\u00fcr Kids ab 6 Jahren im Jugendzentrum Kirchheim, Am Sportplatz 1 in 36275 Kirchheim. An diesem Nachmittag werden zuerst tolle Osterk\u00f6rbchen gebastelt und dekoriert, dann Ostereier gesucht, die danach noch eine tolle Verzierung mit Zauberfolie erhalten. Bei witzigen Spielen k\u00f6nnen die Kids dann noch die leckeren Naschereien f\u00fcr ihr selbstgebasteltes K\u00f6rbchen gewinnen. Au\u00dferdem gibt es Snacks und Getr\u00e4nke zwischendurch, es werden lustige Osterfotos gemacht und es darf nat\u00fcrlich auch genascht werden. Die Osterferienaktion wird veranstaltet und betreut von der Ev. Jugendarbeit Aulatal-Geistal und Joky von www.kidsjam.de, Eintritt: 3.- Euro pro Kind, Infos &#038; Anmeldung: 0170\/4047550 oder info@ojp-kirchheim.de<\/p>\n","protected":false},"excerpt":{"rendered":"<div class=\"tmnf_excerpt\"><p>Ostern steht vor der T\u00fcr und deshalb gibt es am Dienstag, dem 04.April ab 14:30 Uhr einen lustigen, bunten Osterspiel- und Bastelnachmittag f\u00fcr Kids ab 6 Jahren im Jugendzentrum Kirchheim, Am Sportplatz 1 in 36275 Kirchheim. An diesem Nachmittag werden zuerst tolle Osterk\u00f6rbchen gebastelt und dekoriert, dann Ostereier gesucht, die danach noch eine tolle Verzierung &hellip;<\/p>\n<\/div>","protected":false},"author":1,"featured_media":161359,"comment_status":"closed","ping_status":"closed","sticky":false,"template":"","format":"standard","meta":{"footnotes":""},"categories":[1],"tags":[],"class_list":["post-161356","post","type-post","status-publish","format-standard","has-post-thumbnail","hentry","category-startseite"],"_links":{"self":[{"href":"https:\/\/www.fuldaernachrichten.de\/index.php?rest_route=\/wp\/v2\/posts\/161356","targetHints":{"allow":["GET"]}}],"collection":[{"href":"https:\/\/www.fuldaernachrichten.de\/index.php?rest_route=\/wp\/v2\/posts"}],"about":[{"href":"https:\/\/www.fuldaernachrichten.de\/index.php?rest_route=\/wp\/v2\/types\/post"}],"author":[{"embeddable":true,"href":"https:\/\/www.fuldaernachrichten.de\/index.php?rest_route=\/wp\/v2\/users\/1"}],"replies":[{"embeddable":true,"href":"https:\/\/www.fuldaernachrichten.de\/index.php?rest_route=%2Fwp%2Fv2%2Fcomments&post=161356"}],"version-history":[{"count":1,"href":"https:\/\/www.fuldaernachrichten.de\/index.php?rest_route=\/wp\/v2\/posts\/161356\/revisions"}],"predecessor-version":[{"id":161365,"href":"https:\/\/www.fuldaernachrichten.de\/index.php?rest_route=\/wp\/v2\/posts\/161356\/revisions\/161365"}],"wp:featuredmedia":[{"embeddable":true,"href":"https:\/\/www.fuldaernachrichten.de\/index.php?rest_route=\/wp\/v2\/media\/161359"}],"wp:attachment":[{"href":"https:\/\/www.fuldaernachrichten.de\/index.php?rest_route=%2Fwp%2Fv2%2Fmedia&parent=161356"}],"wp:term":[{"taxonomy":"category","embeddable":true,"href":"https:\/\/www.fuldaernachrichten.de\/index.php?rest_route=%2Fwp%2Fv2%2Fcategories&post=161356"},{"taxonomy":"post_tag","embeddable":true,"href":"https:\/\/www.fuldaernachrichten.de\/index.php?rest_route=%2Fwp%2Fv2%2Ftags&post=161356"}],"curies":[{"name":"wp","href":"https:\/\/api.w.org\/{rel}","templated":true}]}}