{"id":161345,"date":"2017-03-23T07:37:31","date_gmt":"2017-03-23T06:37:31","guid":{"rendered":"http:\/\/www.fuldaer-nachrichten.de\/?p=161345"},"modified":"2017-03-23T07:37:31","modified_gmt":"2017-03-23T06:37:31","slug":"toepfern-fuer-kinder-in-den-osterferien","status":"publish","type":"post","link":"https:\/\/www.fuldaernachrichten.de\/?p=161345","title":{"rendered":"T\u00f6pfern f\u00fcr Kinder in den Osterferien"},"content":{"rendered":"<p>In einem T\u00f6pferkurs f\u00fcr Kinder ab 9 Jahre der Volkshochschule des Landkreises Fulda wird durch die Herstellung von Figuren und Gef\u00e4\u00dfen die Feinmotorik geschult. Der Kurs findet von Montag, 10. April, bis Donnerstag, 13. April, jeweils von 9 bis 12 Uhr in der Kunststation Kleinsassen statt. Infos und Anmeldung mit Kursnummer VO2061405 unter www.vhs-fulda.de oder Telefon (0661)6006-1600.<\/p>\n","protected":false},"excerpt":{"rendered":"<div class=\"tmnf_excerpt\"><p>In einem T\u00f6pferkurs f\u00fcr Kinder ab 9 Jahre der Volkshochschule des Landkreises Fulda wird durch die Herstellung von Figuren und Gef\u00e4\u00dfen die Feinmotorik geschult. Der Kurs findet von Montag, 10. April, bis Donnerstag, 13. April, jeweils von 9 bis 12 Uhr in der Kunststation Kleinsassen statt. Infos und Anmeldung mit Kursnummer VO2061405 unter www.vhs-fulda.de oder &hellip;<\/p>\n<\/div>","protected":false},"author":1,"featured_media":0,"comment_status":"closed","ping_status":"closed","sticky":false,"template":"","format":"standard","meta":{"footnotes":""},"categories":[1],"tags":[],"class_list":["post-161345","post","type-post","status-publish","format-standard","hentry","category-startseite"],"_links":{"self":[{"href":"https:\/\/www.fuldaernachrichten.de\/index.php?rest_route=\/wp\/v2\/posts\/161345","targetHints":{"allow":["GET"]}}],"collection":[{"href":"https:\/\/www.fuldaernachrichten.de\/index.php?rest_route=\/wp\/v2\/posts"}],"about":[{"href":"https:\/\/www.fuldaernachrichten.de\/index.php?rest_route=\/wp\/v2\/types\/post"}],"author":[{"embeddable":true,"href":"https:\/\/www.fuldaernachrichten.de\/index.php?rest_route=\/wp\/v2\/users\/1"}],"replies":[{"embeddable":true,"href":"https:\/\/www.fuldaernachrichten.de\/index.php?rest_route=%2Fwp%2Fv2%2Fcomments&post=161345"}],"version-history":[{"count":1,"href":"https:\/\/www.fuldaernachrichten.de\/index.php?rest_route=\/wp\/v2\/posts\/161345\/revisions"}],"predecessor-version":[{"id":161346,"href":"https:\/\/www.fuldaernachrichten.de\/index.php?rest_route=\/wp\/v2\/posts\/161345\/revisions\/161346"}],"wp:attachment":[{"href":"https:\/\/www.fuldaernachrichten.de\/index.php?rest_route=%2Fwp%2Fv2%2Fmedia&parent=161345"}],"wp:term":[{"taxonomy":"category","embeddable":true,"href":"https:\/\/www.fuldaernachrichten.de\/index.php?rest_route=%2Fwp%2Fv2%2Fcategories&post=161345"},{"taxonomy":"post_tag","embeddable":true,"href":"https:\/\/www.fuldaernachrichten.de\/index.php?rest_route=%2Fwp%2Fv2%2Ftags&post=161345"}],"curies":[{"name":"wp","href":"https:\/\/api.w.org\/{rel}","templated":true}]}}