{"id":161344,"date":"2017-03-23T07:39:24","date_gmt":"2017-03-23T06:39:24","guid":{"rendered":"http:\/\/www.fuldaer-nachrichten.de\/?p=161344"},"modified":"2017-03-23T07:39:24","modified_gmt":"2017-03-23T06:39:24","slug":"24-marbacher-speeketze-lauf-den-haunessee-mit-aok-family-cup","status":"publish","type":"post","link":"https:\/\/www.fuldaernachrichten.de\/?p=161344","title":{"rendered":"24. Marbacher Speeketze-Lauf den Haunessee mit \u201eAOK-Family-Cup\u201c"},"content":{"rendered":"<p>Am Sonntag, den 02. April l\u00e4dt der Lauftreff Speeketze Marbach zum 24. Speeketze-Lauf ein. Im Rahmen der AOK- Hessen-Laufserie wird 2017 erstmals ein \u201eFamily-Cup\u201c ausgerichtet. Dieses Familienangebot soll alle Generationen on L\u00e4ufern zum Mitmachen animieren. Alle Familien-Teilnehmer werden mit Preisen belohnt.<\/p>\n<p>2017 wird es neben den offiziell nach den Regeln des Deutschen Leichtathletikverbandes vermessen und somit Bestenlisten f\u00e4higen 5 und 10 Kilometern einen 1,5km langen Sch\u00fclerlauf f\u00fcr die j\u00fcngeren Altersklassen U8 und U10 geben. Nordic-Walking ist zusammen mit den Laufstarts m\u00f6glich.<\/p>\n<p>Die Anmeldung findet nur im Konrad-Trageser-Haus in Marbach statt. Au\u00dferdem werden dort Umkleiden und Duschen sowie im Anschluss ein umfangreiches Catering und die Siegerehrung angeboten. Der Start-\/ Zielbereich ist allerdings am Marbacher Haunestausee. Deshalb ist es besonders wichtig, dass die Aktiven sich rechtzeitig anmelden. Start ist ab 11:00 Uhr an der Staumauer des Sees. Deshalb sollten Anmeldungen bis 10:30 Uhr erfolgen. Dann geht es ca. 1 Kilometer zum Stausee \u2013 die optimale Distanz zum Warmlaufen. Dort sind allerdings keine Nachmeldungen m\u00f6glich.<\/p>\n<p>Die L\u00e4uferinnen und L\u00e4ufer erwartet eine wundervolle Laufstrecke, nicht nur um den See, sondern auch den benachbarten Auenwald. Diese Runde ist f\u00fcr die 5-Kilometer-L\u00e4ufer einmal und f\u00fcr 10 Kilometer zweimal zu laufen. Damit ergeben sich auch f\u00fcr die Zuschauer spannende Wettk\u00e4mpfe, vor allem im Start\/Ziel-Bereich an der Staumauer.<\/p>\n<p>Auf zahlreiche Teilnehmerinnen und Teilnehmer freut sich der LT Speeketze Marbach e.V. Infos, wie z.B. der genaue Streckenverlauf, sind \u00fcber die Website des Vereins www.ltspeeketzemarbach.de oder unter 0661 \/ 9629611 zu erhalten.<\/p>\n","protected":false},"excerpt":{"rendered":"<div class=\"tmnf_excerpt\"><p>Am Sonntag, den 02. April l\u00e4dt der Lauftreff Speeketze Marbach zum 24. Speeketze-Lauf ein. Im Rahmen der AOK- Hessen-Laufserie wird 2017 erstmals ein \u201eFamily-Cup\u201c ausgerichtet. Dieses Familienangebot soll alle Generationen on L\u00e4ufern zum Mitmachen animieren. Alle Familien-Teilnehmer werden mit Preisen belohnt. 2017 wird es neben den offiziell nach den Regeln des Deutschen Leichtathletikverbandes vermessen und &hellip;<\/p>\n<\/div>","protected":false},"author":1,"featured_media":0,"comment_status":"closed","ping_status":"closed","sticky":false,"template":"","format":"standard","meta":{"footnotes":""},"categories":[1],"tags":[],"class_list":["post-161344","post","type-post","status-publish","format-standard","hentry","category-startseite"],"_links":{"self":[{"href":"https:\/\/www.fuldaernachrichten.de\/index.php?rest_route=\/wp\/v2\/posts\/161344","targetHints":{"allow":["GET"]}}],"collection":[{"href":"https:\/\/www.fuldaernachrichten.de\/index.php?rest_route=\/wp\/v2\/posts"}],"about":[{"href":"https:\/\/www.fuldaernachrichten.de\/index.php?rest_route=\/wp\/v2\/types\/post"}],"author":[{"embeddable":true,"href":"https:\/\/www.fuldaernachrichten.de\/index.php?rest_route=\/wp\/v2\/users\/1"}],"replies":[{"embeddable":true,"href":"https:\/\/www.fuldaernachrichten.de\/index.php?rest_route=%2Fwp%2Fv2%2Fcomments&post=161344"}],"version-history":[{"count":1,"href":"https:\/\/www.fuldaernachrichten.de\/index.php?rest_route=\/wp\/v2\/posts\/161344\/revisions"}],"predecessor-version":[{"id":161355,"href":"https:\/\/www.fuldaernachrichten.de\/index.php?rest_route=\/wp\/v2\/posts\/161344\/revisions\/161355"}],"wp:attachment":[{"href":"https:\/\/www.fuldaernachrichten.de\/index.php?rest_route=%2Fwp%2Fv2%2Fmedia&parent=161344"}],"wp:term":[{"taxonomy":"category","embeddable":true,"href":"https:\/\/www.fuldaernachrichten.de\/index.php?rest_route=%2Fwp%2Fv2%2Fcategories&post=161344"},{"taxonomy":"post_tag","embeddable":true,"href":"https:\/\/www.fuldaernachrichten.de\/index.php?rest_route=%2Fwp%2Fv2%2Ftags&post=161344"}],"curies":[{"name":"wp","href":"https:\/\/api.w.org\/{rel}","templated":true}]}}