{"id":161310,"date":"2017-03-22T08:38:46","date_gmt":"2017-03-22T07:38:46","guid":{"rendered":"http:\/\/www.fuldaer-nachrichten.de\/?p=161310"},"modified":"2017-03-22T08:38:46","modified_gmt":"2017-03-22T07:38:46","slug":"bdkj-aktion-in-aktive-phase-gestartet","status":"publish","type":"post","link":"https:\/\/www.fuldaernachrichten.de\/?p=161310","title":{"rendered":"BDKJ &#8211; Aktion in aktive Phase gestartet"},"content":{"rendered":"<p>\u201eZukunftszeit \u2013 Gemeinsam f\u00fcr ein buntes Land\u201c ist am Samstag auf dem Universit\u00e4tsplatz in Fulda und bundesweit an verschiedenen Orten gestartet. Bis zur Bundestagswahl sind junge Menschen in den katholischen Jugendverb\u00e4nden und dar\u00fcber hinaus aufgerufen, 35.000 Stunden Engagement gegen Menschenfeindlichkeit und f\u00fcr die Integration von Gefl\u00fcchteten zu sammeln.<\/p>\n<p>\u201eDie 35.000 Stunden entsprechen in etwa der Dauer der kommenden Legislaturperiode. Kinder, Jugendliche und junge Erwachsene in unseren Verb\u00e4nden machen so vor der Bundestagwahl deutlich, was sie nach der Bundestagswahl von der Politik erwarten: Den Einsatz f\u00fcr ein offenes, demokratisches, solidarisches und vielf\u00e4ltiges Land\u201c, erl\u00e4utert die BDKJ-Bundesvorsitzende Lisi Maier. \u201eOb Freizeitangebote f\u00fcr junge Gefl\u00fcchtete, Demos gegen Rechts oder interreligi\u00f6se Angebote \u2013 all das sind m\u00f6gliche Projekte, die die Gruppen durchf\u00fchren k\u00f6nnen. \u201eViele Jugendverbandsgruppen engagieren sich schon jetzt stark in der Fl\u00fcchtlingshilfe oder gegen Rechtsextremismus. Mit dieser Aktion wollen wir das Engagement sichtbar machen und alle Jugendgruppen auffordern, aktiv zu werden\u201c, so Patrick Berg, gesch\u00e4ftsf\u00fchrender Di\u00f6zesanvorstand.<\/p>\n<p>Prominente Unterst\u00fctzung f\u00fcr die Anliegen der Jugend<\/p>\n<p>Erzbischof Dr. Stefan He\u00dfe und die Bundesministerin f\u00fcr Familie, Senioren, Frauen und Jugend, Manuela Schwesig, haben die Schirmherrschaft f\u00fcr die Aktion \u00fcbernommen und unterst\u00fctzen das Engagement der jungen Menschen. \u201eJeder Mensch ist wertvoll \u2013 ohne Ausnahme. Das ist unsere christliche \u00dcberzeugung, f\u00fcr die wir mit der Aktion Zukunftszeit des BDKJ und seiner Verb\u00e4nde einstehen\u201c, erl\u00e4utert Erzbischof Dr. Stefan He\u00dfe, Sonderbeauftragter der Deutschen Bischofskonferenz f\u00fcr Fl\u00fcchtlingsfragen. \u201eMit der Aktion zeigt der BDKJ, dass jeder von uns mit einer kleinen Handlung die Welt ein bisschen besser machen kann. Die vielen jungen Menschen, die sich f\u00fcr Zukunftszeit engagieren, haben meinen h\u00f6chsten Respekt! Weiter so \u2013 gemeinsam treten wir gegen Menschenfeindlichkeit und f\u00fcr Menschenw\u00fcrde ein\u201c, so He\u00dfe. Auch Bundesministerin Schwesig w\u00fcrdigt das Engagement f\u00fcr Gefl\u00fcchtete: \u201e35.000 Stunden jugendlichen Engagements w\u00e4ren ein weiterer beeindruckender Beweis daf\u00fcr, wie sehr Deutschland bei der Unterst\u00fctzung und Integration der Fl\u00fcchtlinge vom pers\u00f6nlichen Engagement profitiert. Ohne dieses Engagement &#8211; auch gerade junger Menschen &#8211; st\u00fcnden wir bei weitem nicht da, wo wir jetzt stehen. Diesen weltoffenen Geist gilt es in den n\u00e4chsten Jahren weiter zu bewahren, auch darauf zielt die Aktion Zukunftszeit.\u201c <\/p>\n<p>Bei unserer Auftaktveranstaltung am letzten Samstag war auch die Politik vertreten. So beteiligte sich die Mitglieder des Bundestages, Michael Brand und Birgit K\u00f6mpel, an unserer Fotoaktion \u201eGesicht zeigen f\u00fcr ein buntes Land!\u201c. Neben der Fotobox, in der viele Jugendliche ihre W\u00fcnsche an eine zuk\u00fcnftige Gesellschaft dokumentieren konnten. Trotz durchwachsenem Wetter gestalteten ca. 100 Verbandler*innen aber auch Passant*innen ein 8,70 x 2,90 m gro\u00dfes Riesenbanner, das im Anschluss an der Adolf-von-Dalberg-Schule am Universit\u00e4tsplatz in Fulda aufgeh\u00e4ngt wurde. Mit dem Start der Aktion werden die geleisteten Stunden gez\u00e4hlt. Die Zukunftszeit endet am Wochenende vor der Bundestagswahl, mit der \u00dcbergabe der gesammelten Stunden.<\/p>\n<p>Weitere Informationen gibt es auf www.zukunftszeit.de oder im BDKJ-Di\u00f6zesanb\u00fcro (Tel. 0661\/ 87-395).<\/p>\n<p>Der Bund der Deutschen Katholischen Jugend (BDKJ) im Bistum Fulda vertritt bistumsweit die Interessen von ca. 6300 Mitgliedern der katholischen Jugendverb\u00e4nde in Kirche, Politik und Gesellschaft: DPSG (Deutsche Pfadfinderschaft St. Georg), JAA (Junge Aktion der Ackermanngemeinde), J-GCL (Jugendverb\u00e4nde der Gemeinschaft Christlichen Lebens), KjG (Kath. Junge Gemeinde), KLJB (Kath. Landjugendbewegung), KSJ (Kath. Studierende Jugend), Malteser Jugend und Kolpingjugend, sowie der DjK (Deutsche Jugendkraft) als Anschluss\u00c2\u00adverband. Er unterst\u00fctzt junge Menschen bei ihrer pers\u00f6nlichen Entwicklung und Wegfindung. Dazu bietet er u.a. Seminare der Politischen Bildung sowie Fortbildungen f\u00fcr an und ist Tr\u00e4ger der Freiwilligendienste FSJ und BFD.<\/p>\n","protected":false},"excerpt":{"rendered":"<div class=\"tmnf_excerpt\"><p>\u201eZukunftszeit \u2013 Gemeinsam f\u00fcr ein buntes Land\u201c ist am Samstag auf dem Universit\u00e4tsplatz in Fulda und bundesweit an verschiedenen Orten gestartet. Bis zur Bundestagswahl sind junge Menschen in den katholischen Jugendverb\u00e4nden und dar\u00fcber hinaus aufgerufen, 35.000 Stunden Engagement gegen Menschenfeindlichkeit und f\u00fcr die Integration von Gefl\u00fcchteten zu sammeln. \u201eDie 35.000 Stunden entsprechen in etwa der &hellip;<\/p>\n<\/div>","protected":false},"author":1,"featured_media":161320,"comment_status":"closed","ping_status":"closed","sticky":false,"template":"","format":"gallery","meta":{"footnotes":""},"categories":[1],"tags":[],"class_list":["post-161310","post","type-post","status-publish","format-gallery","has-post-thumbnail","hentry","category-startseite","post_format-post-format-gallery"],"_links":{"self":[{"href":"https:\/\/www.fuldaernachrichten.de\/index.php?rest_route=\/wp\/v2\/posts\/161310","targetHints":{"allow":["GET"]}}],"collection":[{"href":"https:\/\/www.fuldaernachrichten.de\/index.php?rest_route=\/wp\/v2\/posts"}],"about":[{"href":"https:\/\/www.fuldaernachrichten.de\/index.php?rest_route=\/wp\/v2\/types\/post"}],"author":[{"embeddable":true,"href":"https:\/\/www.fuldaernachrichten.de\/index.php?rest_route=\/wp\/v2\/users\/1"}],"replies":[{"embeddable":true,"href":"https:\/\/www.fuldaernachrichten.de\/index.php?rest_route=%2Fwp%2Fv2%2Fcomments&post=161310"}],"version-history":[{"count":1,"href":"https:\/\/www.fuldaernachrichten.de\/index.php?rest_route=\/wp\/v2\/posts\/161310\/revisions"}],"predecessor-version":[{"id":161323,"href":"https:\/\/www.fuldaernachrichten.de\/index.php?rest_route=\/wp\/v2\/posts\/161310\/revisions\/161323"}],"wp:featuredmedia":[{"embeddable":true,"href":"https:\/\/www.fuldaernachrichten.de\/index.php?rest_route=\/wp\/v2\/media\/161320"}],"wp:attachment":[{"href":"https:\/\/www.fuldaernachrichten.de\/index.php?rest_route=%2Fwp%2Fv2%2Fmedia&parent=161310"}],"wp:term":[{"taxonomy":"category","embeddable":true,"href":"https:\/\/www.fuldaernachrichten.de\/index.php?rest_route=%2Fwp%2Fv2%2Fcategories&post=161310"},{"taxonomy":"post_tag","embeddable":true,"href":"https:\/\/www.fuldaernachrichten.de\/index.php?rest_route=%2Fwp%2Fv2%2Ftags&post=161310"}],"curies":[{"name":"wp","href":"https:\/\/api.w.org\/{rel}","templated":true}]}}