{"id":161309,"date":"2017-03-22T08:37:24","date_gmt":"2017-03-22T07:37:24","guid":{"rendered":"http:\/\/www.fuldaer-nachrichten.de\/?p=161309"},"modified":"2017-03-22T08:37:24","modified_gmt":"2017-03-22T07:37:24","slug":"lenders-zum-stellvertretenden-vorsitzenden-der-fdp-hessen-gewaehlt","status":"publish","type":"post","link":"https:\/\/www.fuldaernachrichten.de\/?p=161309","title":{"rendered":"Lenders zum stellvertretenden Vorsitzenden der FDP Hessen gew\u00e4hlt"},"content":{"rendered":"<p>Auf dem Landesparteitag der hessischen Freidemokraten am Wochenende in Hanau ist der Fuldaer Landtagsabgeordnete J\u00fcrgen Lenders zum stellvertretenden Vorsitzenden gew\u00e4hlt worden. Lenders geh\u00f6rt damit k\u00fcnftig zur Parteispitze um den Vorsitzenden Dr. Stefan Ruppert, der Generalsekret\u00e4rin Bettina Stark-Watzinger und Moritz Promny, der ebenfalls Stellvertreter ist. Die 300 Parteitagsdelegierten w\u00e4hlten ihn mit 77 Prozent der Stimmen in sein neues Amt. \u201eWir stehen aktuell vor zwei politisch sehr spannenden und entscheidenden Jahren. Ich freue mich sehr auf die bevorstehenden Herausforderungen und bin \u00e4u\u00dferst zuversichtlich, dass wir unser gro\u00dfes Ziel \u2013 den Wiedereinzug in den Deutschen Bundestag \u2013 erreichen werden\u201c, so Lenders.<\/p>\n<p>In der FDP-Fraktion im hessischen Landtag fungiert der 50-J\u00e4hrige seit 2014 als stellvertretender Vorsitzender und besch\u00e4ftigt sich als Sprecher schwerpunktm\u00e4\u00dfig mit den Themen Wirtschaft, Verkehr und Umwelt. \u201eMich \u00e4rgert es, dass viele Parteien unseren aktuellen Wohlstand als selbstverst\u00e4ndlich ansehen und viel zu wenig daf\u00fcr tun, dass das Wachstum in unserem Land anh\u00e4lt. Wir Liberale werden im anstehenden Wahlkampf klar aufzeigen, dass Deutschland jetzt wichtige Investitionen in Infrastruktur, Digitalisierung und vor allem Bildung vornehmen muss, um weiterhin vorne zu bleiben\u201c, erkl\u00e4rte Lenders, der auch Vorsitzender des FDP-Bezirks Nord-Osthessen ist.<\/p>\n<p>Neben einer fortschrittlichen Verkehrs- und Wirtschaftspolitik liegt Lenders insbesondere auch der l\u00e4ndliche Raum am Herzen. Der langj\u00e4hrige Vorsitzende der FDP im Landkreis Fulda, der selbst ein mittelst\u00e4ndisches Unternehmen f\u00fchrt, mahnt, dass die Regierungen in Berlin und Wiesbaden die Belange der Mitte der Gesellschaft aus dem Blick verloren h\u00e4tten: \u201eDie Menschen der hart arbeitenden Mitte unserer Gesellschaft erwarten zu Recht, dass sich die Politik wieder um relevante Themen des allt\u00e4glichen Lebens wie die bestm\u00f6gliche Bildung f\u00fcr unsere Kinder und eine faire Steuerpolitik k\u00fcmmert. Die FDP will entsprechend mit funktionierenden Zukunftskonzepten um das Vertrauen der B\u00fcrger werben.\u201c Lenders blickt optimistisch auf die kommenden Jahre und will als stellvertretender Landesvorsitzender daf\u00fcr k\u00e4mpfen, dass die Liberalen gute Ergebnisse bei der Bundestagswahl im September 2017 und bei der Landtagswahl im Sp\u00e4therbst 2018 erzielen.<\/p>\n","protected":false},"excerpt":{"rendered":"<div class=\"tmnf_excerpt\"><p>Auf dem Landesparteitag der hessischen Freidemokraten am Wochenende in Hanau ist der Fuldaer Landtagsabgeordnete J\u00fcrgen Lenders zum stellvertretenden Vorsitzenden gew\u00e4hlt worden. Lenders geh\u00f6rt damit k\u00fcnftig zur Parteispitze um den Vorsitzenden Dr. Stefan Ruppert, der Generalsekret\u00e4rin Bettina Stark-Watzinger und Moritz Promny, der ebenfalls Stellvertreter ist. Die 300 Parteitagsdelegierten w\u00e4hlten ihn mit 77 Prozent der Stimmen in &hellip;<\/p>\n<\/div>","protected":false},"author":1,"featured_media":0,"comment_status":"closed","ping_status":"closed","sticky":false,"template":"","format":"standard","meta":{"footnotes":""},"categories":[1],"tags":[],"class_list":["post-161309","post","type-post","status-publish","format-standard","hentry","category-startseite"],"_links":{"self":[{"href":"https:\/\/www.fuldaernachrichten.de\/index.php?rest_route=\/wp\/v2\/posts\/161309","targetHints":{"allow":["GET"]}}],"collection":[{"href":"https:\/\/www.fuldaernachrichten.de\/index.php?rest_route=\/wp\/v2\/posts"}],"about":[{"href":"https:\/\/www.fuldaernachrichten.de\/index.php?rest_route=\/wp\/v2\/types\/post"}],"author":[{"embeddable":true,"href":"https:\/\/www.fuldaernachrichten.de\/index.php?rest_route=\/wp\/v2\/users\/1"}],"replies":[{"embeddable":true,"href":"https:\/\/www.fuldaernachrichten.de\/index.php?rest_route=%2Fwp%2Fv2%2Fcomments&post=161309"}],"version-history":[{"count":1,"href":"https:\/\/www.fuldaernachrichten.de\/index.php?rest_route=\/wp\/v2\/posts\/161309\/revisions"}],"predecessor-version":[{"id":161315,"href":"https:\/\/www.fuldaernachrichten.de\/index.php?rest_route=\/wp\/v2\/posts\/161309\/revisions\/161315"}],"wp:attachment":[{"href":"https:\/\/www.fuldaernachrichten.de\/index.php?rest_route=%2Fwp%2Fv2%2Fmedia&parent=161309"}],"wp:term":[{"taxonomy":"category","embeddable":true,"href":"https:\/\/www.fuldaernachrichten.de\/index.php?rest_route=%2Fwp%2Fv2%2Fcategories&post=161309"},{"taxonomy":"post_tag","embeddable":true,"href":"https:\/\/www.fuldaernachrichten.de\/index.php?rest_route=%2Fwp%2Fv2%2Ftags&post=161309"}],"curies":[{"name":"wp","href":"https:\/\/api.w.org\/{rel}","templated":true}]}}