{"id":161307,"date":"2017-03-22T08:36:46","date_gmt":"2017-03-22T07:36:46","guid":{"rendered":"http:\/\/www.fuldaer-nachrichten.de\/?p=161307"},"modified":"2017-03-22T08:36:46","modified_gmt":"2017-03-22T07:36:46","slug":"mediana-mobil-jetzt-auch-wieder-in-huenfeld","status":"publish","type":"post","link":"https:\/\/www.fuldaernachrichten.de\/?p=161307","title":{"rendered":"Mediana Mobil jetzt auch wieder in H\u00fcnfeld"},"content":{"rendered":"<p>\u201eEinen alten Baum verpflanzt man nicht\u201c, \u201eEin Haus ist noch kein Zuhause\u201c \u2013 diese Aphorismen dr\u00fccken aus: Das eigene Zuhause hat einen hohen Stellenwert f\u00fcr das Wohlbefinden  \u2013 das gilt auch f\u00fcr Menschen mit Hilfebedarf. Der Pflegedienstleister Mediana Mobil erm\u00f6glicht ihnen ein Leben in der vertrauten Umgebung \u2013 und das seit M\u00e4rz nicht nur in Fulda und Umgebung, sondern auch wieder in H\u00fcnfeld und der H\u00fcnfelder Region.<br \/>\n\u201eDas Mediana Mobil-Team freut sich sehr, dass die neue Gesch\u00e4ftsleitung, Bastian Hans und Thorsten Roch, sowie die Gesellschafterfamilie Kropp bereit sind, die Sozialstation in H\u00fcnfeld wiederaufzubauen\u201c, sagt Hartmut A. Schwab, Leiter Mediana Mobil. Das prim\u00e4re Ziel des Pflegedienstes ist es, mit Pflege, Betreuung sowie hauswirtschaftlichen Leistungen kranken und hilfsbed\u00fcrftigen Menschen m\u00f6glichst lange ein selbstst\u00e4ndiges Leben in der Geborgenheit des Zuhauses zu erm\u00f6glichen. \u201eUnser Pflegedienst ist f\u00fcr viele Kunden der einzige soziale Kontakt nach au\u00dfen \u2013 dies wird bei jedem Besuch auch ber\u00fccksichtigt\u201c, erz\u00e4hlt Schwab.<br \/>\nMediana Mobil ist seit fast 25 Jahren in starker Partner. Die Leistungspalette reicht von der Betreuung von Kindern, Pflegebed\u00fcrftigen bis hin zu Schwerstpflegef\u00e4llen in der Intensivpflege mit und ohne Beatmungssituation, aber auch Hilfe bei Haushaltsf\u00fchrung sowie Vermittlung von Hausnotrufanschl\u00fcssen. \u201eGerade in unserer l\u00e4ndlichen Struktur ist der pers\u00f6nliche Kontakt besonders wichtig. Vertrauen l\u00e4sst sich besser aufbauen, wenn man wie jetzt wieder in H\u00fcnfeld direkt vor Ort ist \u2013 Pflege ist eben Vertrauenssache\u201c, so Hartmut A. Schwab.<\/p>\n","protected":false},"excerpt":{"rendered":"<div class=\"tmnf_excerpt\"><p>\u201eEinen alten Baum verpflanzt man nicht\u201c, \u201eEin Haus ist noch kein Zuhause\u201c \u2013 diese Aphorismen dr\u00fccken aus: Das eigene Zuhause hat einen hohen Stellenwert f\u00fcr das Wohlbefinden \u2013 das gilt auch f\u00fcr Menschen mit Hilfebedarf. Der Pflegedienstleister Mediana Mobil erm\u00f6glicht ihnen ein Leben in der vertrauten Umgebung \u2013 und das seit M\u00e4rz nicht nur in &hellip;<\/p>\n<\/div>","protected":false},"author":1,"featured_media":161311,"comment_status":"closed","ping_status":"closed","sticky":false,"template":"","format":"standard","meta":{"footnotes":""},"categories":[1],"tags":[],"class_list":["post-161307","post","type-post","status-publish","format-standard","has-post-thumbnail","hentry","category-startseite"],"_links":{"self":[{"href":"https:\/\/www.fuldaernachrichten.de\/index.php?rest_route=\/wp\/v2\/posts\/161307","targetHints":{"allow":["GET"]}}],"collection":[{"href":"https:\/\/www.fuldaernachrichten.de\/index.php?rest_route=\/wp\/v2\/posts"}],"about":[{"href":"https:\/\/www.fuldaernachrichten.de\/index.php?rest_route=\/wp\/v2\/types\/post"}],"author":[{"embeddable":true,"href":"https:\/\/www.fuldaernachrichten.de\/index.php?rest_route=\/wp\/v2\/users\/1"}],"replies":[{"embeddable":true,"href":"https:\/\/www.fuldaernachrichten.de\/index.php?rest_route=%2Fwp%2Fv2%2Fcomments&post=161307"}],"version-history":[{"count":1,"href":"https:\/\/www.fuldaernachrichten.de\/index.php?rest_route=\/wp\/v2\/posts\/161307\/revisions"}],"predecessor-version":[{"id":161312,"href":"https:\/\/www.fuldaernachrichten.de\/index.php?rest_route=\/wp\/v2\/posts\/161307\/revisions\/161312"}],"wp:featuredmedia":[{"embeddable":true,"href":"https:\/\/www.fuldaernachrichten.de\/index.php?rest_route=\/wp\/v2\/media\/161311"}],"wp:attachment":[{"href":"https:\/\/www.fuldaernachrichten.de\/index.php?rest_route=%2Fwp%2Fv2%2Fmedia&parent=161307"}],"wp:term":[{"taxonomy":"category","embeddable":true,"href":"https:\/\/www.fuldaernachrichten.de\/index.php?rest_route=%2Fwp%2Fv2%2Fcategories&post=161307"},{"taxonomy":"post_tag","embeddable":true,"href":"https:\/\/www.fuldaernachrichten.de\/index.php?rest_route=%2Fwp%2Fv2%2Ftags&post=161307"}],"curies":[{"name":"wp","href":"https:\/\/api.w.org\/{rel}","templated":true}]}}