{"id":161295,"date":"2017-03-22T08:35:13","date_gmt":"2017-03-22T07:35:13","guid":{"rendered":"http:\/\/www.fuldaer-nachrichten.de\/?p=161295"},"modified":"2017-03-22T08:35:13","modified_gmt":"2017-03-22T07:35:13","slug":"fortbildung-im-klinikum-fulda-ernaehrungstherapie-heute-5-klinischer-ernaehrungstag-mit-rekordbesuch","status":"publish","type":"post","link":"https:\/\/www.fuldaernachrichten.de\/?p=161295","title":{"rendered":"Fortbildung im Klinikum Fulda: \u201eErn\u00e4hrungstherapie heute\u201c 5. Klinischer Ern\u00e4hrungstag mit Rekordbesuch"},"content":{"rendered":"<p>Zum 5. Ern\u00e4hrungstag kamen mehr als 250 interessierte Besucher ins Klinikum Fulda,  um sich rund um das Thema \u201eErn\u00e4hrung bei neurologischen Erkrankungen\u201c zu informieren. \u201eDie Kapazit\u00e4t des H\u00f6rsaals war fast aussch\u00f6pft\u201c, freut sich Prof. Dr. Roland Radziwill, Direktor der Apotheke und des Ern\u00e4hrungszentrums am Klinikum Fulda, \u201edies zeigt, dass das Thema Ern\u00e4hrung hochaktuell ist\u201c.<\/p>\n<p>Ern\u00e4hrungsm\u00e4ngel sind gerade bei Patienten mit neurologischen Erkrankungen keine Seltenheit. Um den Krankheitsverlauf sowie die Lebensqualit\u00e4t der betroffenen Patienten positiv zu beeinflussen, ist der Erhalt eines guten Ern\u00e4hrungszustandes unter Beachtung der h\u00e4ufig beeintr\u00e4chtigten Schluckfunktion besonders wichtig. Zwei Leitlinien der Deutschen Gesellschaft f\u00fcr Ern\u00e4hrungsmedizin (DGEM) zur Klinischen Ern\u00e4hrung in der Neurologie und in der Geriatrie zeigen auf, wie es geht.<br \/>\nIm Rahmen der Veranstaltung des Klinikums Fulda wurde vermittelt, wie eine Mangelern\u00e4hrung fr\u00fchzeitig erkannt werden kann und praktisch vorgef\u00fchrt, was dagegen durch einfache Ma\u00dfnahmen in der K\u00fcche getan werden kann. Eine M\u00f6glichkeit stellt die Anreicherung der oralen Kost oder der Gabe von Trinknahrung dar. Ist das nicht ausreichend oder nicht m\u00f6glich, z.B. aufgrund von Schluckst\u00f6rungen, kann eine Ern\u00e4hrung \u00fcber eine Sonde oder eine parenterale Ern\u00e4hrung \u00fcberlegt werden. Ein weiteres  Thema war die Umsetzung der Ern\u00e4hrungstherapie und die Diagnostik der Schluckst\u00f6rungen im Klinikum Fulda.<br \/>\nProf. Dr. Roland Radziwill ging in seinem Vortrag \u201eKlinische Ern\u00e4hrung bei neurologischen Patienten \u2013 Was sagen die Leitlinien\u201c auf die heutigen ern\u00e4hrungstherapeutischen Empfehlungen bei dieser Patientengruppe ein und zeigte die Ursachen f\u00fcr eine Mangelern\u00e4hrung auf. Anschlie\u00dfend referierten Heike Eickeler und Katharina Mehler, Logop\u00e4dinnen des Klinikums Fulda, die Ursachen, Folgen und den Umgang mit Schluckst\u00f6rungen bei neurologischen Patienten. Auch an Hand von Videomaterial verdeutlichten sie diese Problematik. <\/p>\n<p>Im Rahmen eines Ern\u00e4hrungsparcours konnten sich die Teilnehmer zudem \u00fcber aktuelle Themen zur enteralen Ern\u00e4hrung und der parenteralen Ern\u00e4hrung informieren. \u201eMit  der Veranstaltung m\u00f6chten wir \u00c4rzten, Pflegenden, Patienten und Angeh\u00f6rigen die verschiedenen M\u00f6glichkeiten der Ern\u00e4hrungstherapie vorstellen und \u00fcber den Umgang mit Produkten und Zubeh\u00f6r im Ern\u00e4hrungsbereich informieren\u201c, erl\u00e4uterte Prof. Dr. Radziwill. <\/p>\n<p>Fotonachweis: Josephina Heil<\/p>\n","protected":false},"excerpt":{"rendered":"<div class=\"tmnf_excerpt\"><p>Zum 5. Ern\u00e4hrungstag kamen mehr als 250 interessierte Besucher ins Klinikum Fulda, um sich rund um das Thema \u201eErn\u00e4hrung bei neurologischen Erkrankungen\u201c zu informieren. \u201eDie Kapazit\u00e4t des H\u00f6rsaals war fast aussch\u00f6pft\u201c, freut sich Prof. Dr. Roland Radziwill, Direktor der Apotheke und des Ern\u00e4hrungszentrums am Klinikum Fulda, \u201edies zeigt, dass das Thema Ern\u00e4hrung hochaktuell ist\u201c. Ern\u00e4hrungsm\u00e4ngel &hellip;<\/p>\n<\/div>","protected":false},"author":1,"featured_media":161300,"comment_status":"closed","ping_status":"closed","sticky":false,"template":"","format":"standard","meta":{"footnotes":""},"categories":[1],"tags":[],"class_list":["post-161295","post","type-post","status-publish","format-standard","has-post-thumbnail","hentry","category-startseite"],"_links":{"self":[{"href":"https:\/\/www.fuldaernachrichten.de\/index.php?rest_route=\/wp\/v2\/posts\/161295","targetHints":{"allow":["GET"]}}],"collection":[{"href":"https:\/\/www.fuldaernachrichten.de\/index.php?rest_route=\/wp\/v2\/posts"}],"about":[{"href":"https:\/\/www.fuldaernachrichten.de\/index.php?rest_route=\/wp\/v2\/types\/post"}],"author":[{"embeddable":true,"href":"https:\/\/www.fuldaernachrichten.de\/index.php?rest_route=\/wp\/v2\/users\/1"}],"replies":[{"embeddable":true,"href":"https:\/\/www.fuldaernachrichten.de\/index.php?rest_route=%2Fwp%2Fv2%2Fcomments&post=161295"}],"version-history":[{"count":1,"href":"https:\/\/www.fuldaernachrichten.de\/index.php?rest_route=\/wp\/v2\/posts\/161295\/revisions"}],"predecessor-version":[{"id":161301,"href":"https:\/\/www.fuldaernachrichten.de\/index.php?rest_route=\/wp\/v2\/posts\/161295\/revisions\/161301"}],"wp:featuredmedia":[{"embeddable":true,"href":"https:\/\/www.fuldaernachrichten.de\/index.php?rest_route=\/wp\/v2\/media\/161300"}],"wp:attachment":[{"href":"https:\/\/www.fuldaernachrichten.de\/index.php?rest_route=%2Fwp%2Fv2%2Fmedia&parent=161295"}],"wp:term":[{"taxonomy":"category","embeddable":true,"href":"https:\/\/www.fuldaernachrichten.de\/index.php?rest_route=%2Fwp%2Fv2%2Fcategories&post=161295"},{"taxonomy":"post_tag","embeddable":true,"href":"https:\/\/www.fuldaernachrichten.de\/index.php?rest_route=%2Fwp%2Fv2%2Ftags&post=161295"}],"curies":[{"name":"wp","href":"https:\/\/api.w.org\/{rel}","templated":true}]}}