{"id":161294,"date":"2017-03-22T08:35:30","date_gmt":"2017-03-22T07:35:30","guid":{"rendered":"http:\/\/www.fuldaer-nachrichten.de\/?p=161294"},"modified":"2017-03-22T08:35:30","modified_gmt":"2017-03-22T07:35:30","slug":"4-fuldaer-gitarrenfruehling-begeisterte-das-publikum-im-marmorsaal","status":"publish","type":"post","link":"https:\/\/www.fuldaernachrichten.de\/?p=161294","title":{"rendered":"4. Fuldaer Gitarrenfr\u00fchling begeisterte das Publikum im Marmorsaal"},"content":{"rendered":"<p><a href=\"http:\/\/www.fuldaer-nachrichten.de\/wp-content\/uploads\/2017\/03\/Duo-Gruber_Reiter.jpg\"><img decoding=\"async\" src=\"http:\/\/www.fuldaer-nachrichten.de\/wp-content\/uploads\/2017\/03\/Duo-Gruber_Reiter-265x177.jpg\" alt=\"\" width=\"265\" height=\"177\" class=\"alignleft size-thumbnail wp-image-161298\" srcset=\"https:\/\/www.fuldaernachrichten.de\/wp-content\/uploads\/2017\/03\/Duo-Gruber_Reiter-265x177.jpg 265w, https:\/\/www.fuldaernachrichten.de\/wp-content\/uploads\/2017\/03\/Duo-Gruber_Reiter-768x512.jpg 768w, https:\/\/www.fuldaernachrichten.de\/wp-content\/uploads\/2017\/03\/Duo-Gruber_Reiter-600x400.jpg 600w, https:\/\/www.fuldaernachrichten.de\/wp-content\/uploads\/2017\/03\/Duo-Gruber_Reiter.jpg 900w\" sizes=\"(max-width: 265px) 100vw, 265px\" \/><\/a>Zum vierten Mal wurden die T\u00fcren des Marmorsaals im Fuldaer Stadtschloss f\u00fcr Musiker aus aller Welt ge\u00f6ffnet: der Fuldaer Gitarrenfr\u00fchling begr\u00fc\u00dfte wieder seine G\u00e4ste. Und das Publikum war begeistert. <\/p>\n<p>Die Idee, gro\u00dfe K\u00fcnstler nach Osthessen zu holen und somit den Sch\u00fclern und Musikinteressierten die Gelegenheit zu geben, diese w\u00e4hrend des Konzerts \u00e2\u20ac\u00a8oder Workshops hautnah zu erleben, wurde in der Musikschule Fulda unter der damaligen Leitung von Christoph Stibor geboren. \u201eEs ist mir eine Ehre, diese Tradition weiterf\u00fchren zu d\u00fcrfen\u201c, sagte Natalya Oldenburg, die neue Musikschulleiterin. In diesem Jahr wurde die Gitarrenvielfalt von Rock bis Barock durch namhafte Musiker vertreten. <\/p>\n<p>F\u00fcr eine gro\u00dfe \u00dcberraschung sorgte das Duo Maria Reiter\/Christian Gruber. Die Konzertbesucher erwartete ein innovatives Programm, das Barockmusik, Tango und Gstanzln verschmelzen lie\u00df. Die traditionellen Themen aus der bayerischen Heimat wurden in die barocke Sonatenform eingeflochten und lie\u00dfen somit die Br\u00fccken zwischen den verschiedenen Zeiten und Kulturen \u00fcberwinden. Auch wenn sicher nicht jedes Wort f\u00fcr alle G\u00e4ste verst\u00e4ndlich war \u2013 es ging dabei um die Stimmungen und Gef\u00fchle, die keiner \u00dcbersetzung bedurften. Stilsicher und ausdrucksstark nahm die Gitarrenstimme von Christian Gruber verschiedene Rollen ein \u2013 mal als zur\u00fcckhaltende Liedbegleiterin, mal als leidenschaftliche Solistin. Mit der Vielfalt des Akkordeons von Maria Reiter kamen immer neue Klangfarben zum Ausdruck.<\/p>\n<p>Mit gro\u00dfem Interesse erwarteten am Samstagabend die Zuschauer Marcin Dylla, der als \u201eeiner der begnadetsten Gitarristen der Welt\u201c von der \u201eWashington Post\u201c gefeiert wird. Sie wurden nicht entt\u00e4uscht: In einem ausgewogenen Programm, bestehend aus bekannten und selten ausgef\u00fchrten klassischen Gitarrenwerken, gelang es dem polnischen Musiker, das Publikum mit der technischen Pr\u00e4zision, Tiefe und Klangvielfalt seiner Interpretationen zu begeistern. <\/p>\n<p>Die Konzertmatin\u00e9e am Sonntag vereinte klassische Gitarre mit modernen Spieltechniken. S\u00f6nke Meinen aus Dresden pr\u00e4sentierte eigene Kompositionen, die vor allem vom jungen Publikum mit Begeisterung aufgenommen wurden. Mit Humor, Kreativit\u00e4t, Experimentierfreude und unglaublicher Virtuosit\u00e4t \u00fcberzeugte der junge Musiker auch im anschlie\u00dfenden Workshop, bei dem alle Teilnehmer die verschiedenen Spieltechniken von einfachen Fingerstyle-Patterns bis zu ausgefallenen perkussiven Techniken auf der Gitarre ausprobieren konnten.<\/p>\n","protected":false},"excerpt":{"rendered":"<div class=\"tmnf_excerpt\"><p>Zum vierten Mal wurden die T\u00fcren des Marmorsaals im Fuldaer Stadtschloss f\u00fcr Musiker aus aller Welt ge\u00f6ffnet: der Fuldaer Gitarrenfr\u00fchling begr\u00fc\u00dfte wieder seine G\u00e4ste. Und das Publikum war begeistert. Die Idee, gro\u00dfe K\u00fcnstler nach Osthessen zu holen und somit den Sch\u00fclern und Musikinteressierten die Gelegenheit zu geben, diese w\u00e4hrend des Konzerts \u00e2\u20ac\u00a8oder Workshops hautnah zu &hellip;<\/p>\n<\/div>","protected":false},"author":1,"featured_media":161299,"comment_status":"closed","ping_status":"closed","sticky":false,"template":"","format":"standard","meta":{"footnotes":""},"categories":[1],"tags":[],"class_list":["post-161294","post","type-post","status-publish","format-standard","has-post-thumbnail","hentry","category-startseite"],"_links":{"self":[{"href":"https:\/\/www.fuldaernachrichten.de\/index.php?rest_route=\/wp\/v2\/posts\/161294","targetHints":{"allow":["GET"]}}],"collection":[{"href":"https:\/\/www.fuldaernachrichten.de\/index.php?rest_route=\/wp\/v2\/posts"}],"about":[{"href":"https:\/\/www.fuldaernachrichten.de\/index.php?rest_route=\/wp\/v2\/types\/post"}],"author":[{"embeddable":true,"href":"https:\/\/www.fuldaernachrichten.de\/index.php?rest_route=\/wp\/v2\/users\/1"}],"replies":[{"embeddable":true,"href":"https:\/\/www.fuldaernachrichten.de\/index.php?rest_route=%2Fwp%2Fv2%2Fcomments&post=161294"}],"version-history":[{"count":1,"href":"https:\/\/www.fuldaernachrichten.de\/index.php?rest_route=\/wp\/v2\/posts\/161294\/revisions"}],"predecessor-version":[{"id":161302,"href":"https:\/\/www.fuldaernachrichten.de\/index.php?rest_route=\/wp\/v2\/posts\/161294\/revisions\/161302"}],"wp:featuredmedia":[{"embeddable":true,"href":"https:\/\/www.fuldaernachrichten.de\/index.php?rest_route=\/wp\/v2\/media\/161299"}],"wp:attachment":[{"href":"https:\/\/www.fuldaernachrichten.de\/index.php?rest_route=%2Fwp%2Fv2%2Fmedia&parent=161294"}],"wp:term":[{"taxonomy":"category","embeddable":true,"href":"https:\/\/www.fuldaernachrichten.de\/index.php?rest_route=%2Fwp%2Fv2%2Fcategories&post=161294"},{"taxonomy":"post_tag","embeddable":true,"href":"https:\/\/www.fuldaernachrichten.de\/index.php?rest_route=%2Fwp%2Fv2%2Ftags&post=161294"}],"curies":[{"name":"wp","href":"https:\/\/api.w.org\/{rel}","templated":true}]}}