{"id":161267,"date":"2017-03-21T09:09:47","date_gmt":"2017-03-21T08:09:47","guid":{"rendered":"http:\/\/www.fuldaer-nachrichten.de\/?p=161267"},"modified":"2017-03-21T09:09:47","modified_gmt":"2017-03-21T08:09:47","slug":"aktionsnachmittag-im-planetarium-des-vonderau-museums-fulda","status":"publish","type":"post","link":"https:\/\/www.fuldaernachrichten.de\/?p=161267","title":{"rendered":"Aktionsnachmittag im Planetarium des Vonderau Museums Fulda"},"content":{"rendered":"<p>Am 25. M\u00e4rz 2017 wird deutschlandweit der 15.deutsche Astronomietag unter dem Motto \u201eSehenswertes an der Sonnenbahn\u201c begangen. Wie zahlreiche astronomische Institutionen in Deutschland beteiligt sich auch das Planetarium im Vonderau Museum Fulda mit einem speziellen Aktionsnachmittag.<\/p>\n<p>Zwischen 14.00 bis 17.00 Uhr werden in Kurzvorf\u00fchrungen die diesj\u00e4hrigen Beobachtungsobjekte des bundesweiten Mottos vorgestellt. Nach einer kurzen Vorstellung der abendlichen Sternbilder geht die Reise zu den Planeten Merkur, Mars und in den Sternhaufen der Plejaden, bevor zur Erde zur\u00fcckgekehrt wird. Der Eintritt ins Planetarium ist an diesem Nachmittag frei.<\/p>\n<p>Sofern das Wetter mitspielt k\u00f6nnen dann am Abend die vorgestellten Objekte noch durch das Teleskop der Hans-N\u00fcchter-Sternwarte im Freiherr-vom-Stein-Gymnasium betrachtet werden. Die Sternwarte ist ab 18:30 bis ca. 22.00 Uhr ge\u00f6ffnet.<\/p>\n<p>Weitere Informationen: Vonderau Museum, Jesuitenplatz 2, 36037 Fulda, Tel. 0661 \u2013 102 3210, www.museum-fulda.de.<\/p>\n","protected":false},"excerpt":{"rendered":"<div class=\"tmnf_excerpt\"><p>Am 25. M\u00e4rz 2017 wird deutschlandweit der 15.deutsche Astronomietag unter dem Motto \u201eSehenswertes an der Sonnenbahn\u201c begangen. Wie zahlreiche astronomische Institutionen in Deutschland beteiligt sich auch das Planetarium im Vonderau Museum Fulda mit einem speziellen Aktionsnachmittag. Zwischen 14.00 bis 17.00 Uhr werden in Kurzvorf\u00fchrungen die diesj\u00e4hrigen Beobachtungsobjekte des bundesweiten Mottos vorgestellt. Nach einer kurzen Vorstellung &hellip;<\/p>\n<\/div>","protected":false},"author":1,"featured_media":0,"comment_status":"closed","ping_status":"closed","sticky":false,"template":"","format":"standard","meta":{"footnotes":""},"categories":[1],"tags":[],"class_list":["post-161267","post","type-post","status-publish","format-standard","hentry","category-startseite"],"_links":{"self":[{"href":"https:\/\/www.fuldaernachrichten.de\/index.php?rest_route=\/wp\/v2\/posts\/161267","targetHints":{"allow":["GET"]}}],"collection":[{"href":"https:\/\/www.fuldaernachrichten.de\/index.php?rest_route=\/wp\/v2\/posts"}],"about":[{"href":"https:\/\/www.fuldaernachrichten.de\/index.php?rest_route=\/wp\/v2\/types\/post"}],"author":[{"embeddable":true,"href":"https:\/\/www.fuldaernachrichten.de\/index.php?rest_route=\/wp\/v2\/users\/1"}],"replies":[{"embeddable":true,"href":"https:\/\/www.fuldaernachrichten.de\/index.php?rest_route=%2Fwp%2Fv2%2Fcomments&post=161267"}],"version-history":[{"count":1,"href":"https:\/\/www.fuldaernachrichten.de\/index.php?rest_route=\/wp\/v2\/posts\/161267\/revisions"}],"predecessor-version":[{"id":161273,"href":"https:\/\/www.fuldaernachrichten.de\/index.php?rest_route=\/wp\/v2\/posts\/161267\/revisions\/161273"}],"wp:attachment":[{"href":"https:\/\/www.fuldaernachrichten.de\/index.php?rest_route=%2Fwp%2Fv2%2Fmedia&parent=161267"}],"wp:term":[{"taxonomy":"category","embeddable":true,"href":"https:\/\/www.fuldaernachrichten.de\/index.php?rest_route=%2Fwp%2Fv2%2Fcategories&post=161267"},{"taxonomy":"post_tag","embeddable":true,"href":"https:\/\/www.fuldaernachrichten.de\/index.php?rest_route=%2Fwp%2Fv2%2Ftags&post=161267"}],"curies":[{"name":"wp","href":"https:\/\/api.w.org\/{rel}","templated":true}]}}