{"id":161259,"date":"2017-03-21T09:15:54","date_gmt":"2017-03-21T08:15:54","guid":{"rendered":"http:\/\/www.fuldaer-nachrichten.de\/?p=161259"},"modified":"2017-03-21T09:15:54","modified_gmt":"2017-03-21T08:15:54","slug":"intensiv-workshop-koerper-atem-stimme","status":"publish","type":"post","link":"https:\/\/www.fuldaernachrichten.de\/?p=161259","title":{"rendered":"Intensiv-Workshop \u201eK\u00f6rper-Atem-Stimme\u201c"},"content":{"rendered":"<p>Ein halbj\u00e4hriger Intensiv-Workshop \u201eK\u00f6rper-Atem-Stimme\u201c mit der Einf\u00fchrung in die Alexander-Technik startet am Mittwoch, 29. M\u00e4rz, in der Musikschule Fulda. <\/p>\n<p>Die Teilnehmer sind eingeladen, praktisch an ihrer Stimme zu arbeiten. Mit funktionaler Stimmbildung und der Alexander-Technik vertiefen Sie das Verst\u00e4ndnis f\u00fcr die eigene Stimme, lernen sie gesund zu f\u00fchren und ihre Effizienz zu steigern. Es entstehen die optimalen Bedingungen f\u00fcr mehr Klangf\u00fclle, Belastbarkeit und Ausdrucksf\u00e4higkeit. <\/p>\n<p>Der Workshop richtet sich an alle aktiven S\u00e4ngerinnen und S\u00e4nger, die ein praktisches Werkzeug f\u00fcr das selbst\u00e4ndige \u00dcben suchen. Kursleitung: Christa Rahlf. Da die Teilnehmerzahl begrenzt ist, ist eine Anmeldung erforderlich. Informationen erhalten Sie unter Telefon (0661) 102-1412.<\/p>\n","protected":false},"excerpt":{"rendered":"<div class=\"tmnf_excerpt\"><p>Ein halbj\u00e4hriger Intensiv-Workshop \u201eK\u00f6rper-Atem-Stimme\u201c mit der Einf\u00fchrung in die Alexander-Technik startet am Mittwoch, 29. M\u00e4rz, in der Musikschule Fulda. Die Teilnehmer sind eingeladen, praktisch an ihrer Stimme zu arbeiten. Mit funktionaler Stimmbildung und der Alexander-Technik vertiefen Sie das Verst\u00e4ndnis f\u00fcr die eigene Stimme, lernen sie gesund zu f\u00fchren und ihre Effizienz zu steigern. Es entstehen &hellip;<\/p>\n<\/div>","protected":false},"author":1,"featured_media":161268,"comment_status":"closed","ping_status":"closed","sticky":false,"template":"","format":"standard","meta":{"footnotes":""},"categories":[1],"tags":[],"class_list":["post-161259","post","type-post","status-publish","format-standard","has-post-thumbnail","hentry","category-startseite"],"_links":{"self":[{"href":"https:\/\/www.fuldaernachrichten.de\/index.php?rest_route=\/wp\/v2\/posts\/161259","targetHints":{"allow":["GET"]}}],"collection":[{"href":"https:\/\/www.fuldaernachrichten.de\/index.php?rest_route=\/wp\/v2\/posts"}],"about":[{"href":"https:\/\/www.fuldaernachrichten.de\/index.php?rest_route=\/wp\/v2\/types\/post"}],"author":[{"embeddable":true,"href":"https:\/\/www.fuldaernachrichten.de\/index.php?rest_route=\/wp\/v2\/users\/1"}],"replies":[{"embeddable":true,"href":"https:\/\/www.fuldaernachrichten.de\/index.php?rest_route=%2Fwp%2Fv2%2Fcomments&post=161259"}],"version-history":[{"count":1,"href":"https:\/\/www.fuldaernachrichten.de\/index.php?rest_route=\/wp\/v2\/posts\/161259\/revisions"}],"predecessor-version":[{"id":161279,"href":"https:\/\/www.fuldaernachrichten.de\/index.php?rest_route=\/wp\/v2\/posts\/161259\/revisions\/161279"}],"wp:featuredmedia":[{"embeddable":true,"href":"https:\/\/www.fuldaernachrichten.de\/index.php?rest_route=\/wp\/v2\/media\/161268"}],"wp:attachment":[{"href":"https:\/\/www.fuldaernachrichten.de\/index.php?rest_route=%2Fwp%2Fv2%2Fmedia&parent=161259"}],"wp:term":[{"taxonomy":"category","embeddable":true,"href":"https:\/\/www.fuldaernachrichten.de\/index.php?rest_route=%2Fwp%2Fv2%2Fcategories&post=161259"},{"taxonomy":"post_tag","embeddable":true,"href":"https:\/\/www.fuldaernachrichten.de\/index.php?rest_route=%2Fwp%2Fv2%2Ftags&post=161259"}],"curies":[{"name":"wp","href":"https:\/\/api.w.org\/{rel}","templated":true}]}}