{"id":161257,"date":"2017-03-21T09:08:22","date_gmt":"2017-03-21T08:08:22","guid":{"rendered":"http:\/\/www.fuldaer-nachrichten.de\/?p=161257"},"modified":"2017-03-21T09:08:22","modified_gmt":"2017-03-21T08:08:22","slug":"18-gespendete-laptops-fuer-ehrenamtliche-asyl-und-fluechtlingshilfe-uebergeben","status":"publish","type":"post","link":"https:\/\/www.fuldaernachrichten.de\/?p=161257","title":{"rendered":"18 gespendete Laptops f\u00fcr ehrenamtliche Asyl- und Fl\u00fcchtlingshilfe \u00fcbergeben"},"content":{"rendered":"<p>Insgesamt 18 Laptops haben Anfang dieser Woche ihren Besitzer gewechselt. Im Sitzungssaal des Landratsamts wurden die gebrauchten, aber noch einsatzbereiten Computer zur Unterst\u00fctzung des ehrenamtlichen Engagements in der Asyl- und Fl\u00fcchtlingshilfe \u00fcbergeben. Die Ger\u00e4te sollen unter anderem im ehrenamtlichen Deutschunterricht oder zur Unterst\u00fctzung bei der Hausaufgabenhilfe eingesetzt werden. Die tragbaren Computer waren von Mitarbeiterinnen und Mitarbeitern der Kreisverwaltung sowie von der Firma Weinrich in Fulda gespendet worden.<\/p>\n","protected":false},"excerpt":{"rendered":"<div class=\"tmnf_excerpt\"><p>Insgesamt 18 Laptops haben Anfang dieser Woche ihren Besitzer gewechselt. Im Sitzungssaal des Landratsamts wurden die gebrauchten, aber noch einsatzbereiten Computer zur Unterst\u00fctzung des ehrenamtlichen Engagements in der Asyl- und Fl\u00fcchtlingshilfe \u00fcbergeben. Die Ger\u00e4te sollen unter anderem im ehrenamtlichen Deutschunterricht oder zur Unterst\u00fctzung bei der Hausaufgabenhilfe eingesetzt werden. Die tragbaren Computer waren von Mitarbeiterinnen und &hellip;<\/p>\n<\/div>","protected":false},"author":1,"featured_media":0,"comment_status":"closed","ping_status":"closed","sticky":false,"template":"","format":"standard","meta":{"footnotes":""},"categories":[1],"tags":[],"class_list":["post-161257","post","type-post","status-publish","format-standard","hentry","category-startseite"],"_links":{"self":[{"href":"https:\/\/www.fuldaernachrichten.de\/index.php?rest_route=\/wp\/v2\/posts\/161257","targetHints":{"allow":["GET"]}}],"collection":[{"href":"https:\/\/www.fuldaernachrichten.de\/index.php?rest_route=\/wp\/v2\/posts"}],"about":[{"href":"https:\/\/www.fuldaernachrichten.de\/index.php?rest_route=\/wp\/v2\/types\/post"}],"author":[{"embeddable":true,"href":"https:\/\/www.fuldaernachrichten.de\/index.php?rest_route=\/wp\/v2\/users\/1"}],"replies":[{"embeddable":true,"href":"https:\/\/www.fuldaernachrichten.de\/index.php?rest_route=%2Fwp%2Fv2%2Fcomments&post=161257"}],"version-history":[{"count":1,"href":"https:\/\/www.fuldaernachrichten.de\/index.php?rest_route=\/wp\/v2\/posts\/161257\/revisions"}],"predecessor-version":[{"id":161265,"href":"https:\/\/www.fuldaernachrichten.de\/index.php?rest_route=\/wp\/v2\/posts\/161257\/revisions\/161265"}],"wp:attachment":[{"href":"https:\/\/www.fuldaernachrichten.de\/index.php?rest_route=%2Fwp%2Fv2%2Fmedia&parent=161257"}],"wp:term":[{"taxonomy":"category","embeddable":true,"href":"https:\/\/www.fuldaernachrichten.de\/index.php?rest_route=%2Fwp%2Fv2%2Fcategories&post=161257"},{"taxonomy":"post_tag","embeddable":true,"href":"https:\/\/www.fuldaernachrichten.de\/index.php?rest_route=%2Fwp%2Fv2%2Ftags&post=161257"}],"curies":[{"name":"wp","href":"https:\/\/api.w.org\/{rel}","templated":true}]}}