{"id":161256,"date":"2017-03-21T09:07:45","date_gmt":"2017-03-21T08:07:45","guid":{"rendered":"http:\/\/www.fuldaer-nachrichten.de\/?p=161256"},"modified":"2017-03-21T09:07:45","modified_gmt":"2017-03-21T08:07:45","slug":"birgit-leeder-als-vhs-leiterin-in-ebersburg-verabschiedet","status":"publish","type":"post","link":"https:\/\/www.fuldaernachrichten.de\/?p=161256","title":{"rendered":"Birgit Leeder als VHS-Leiterin in Ebersburg verabschiedet"},"content":{"rendered":"<p>Im Rahmen einer kleinen Feierstunde wurde die langj\u00e4hrige Leiterin der VHS-Zweigstelle Ebersburg, Birgit Leeder, nach mehr als 40j\u00e4hriger T\u00e4tigkeit auf eigenen Wunsch in den Ruhestand verabschiedet. In all den Jahren hat sie durch ihre gro\u00dfe Einsatzbereitschaft dazu beigetragen, ein breit gef\u00e4chertes Weiterbildungsangebot der Volkshochschule des Landkreises Fulda in der Gemeinde zu etablieren. <\/p>\n<p>Vor mehr als 40 Jahren hatte sich der fr\u00fcher B\u00fcrgermeister Rudolf Horak um die Kurse der Volkshochschule des Landkreises in Ebersburg gek\u00fcmmert und Birgit Leeder, die damals schon in der Gemeindeverwaltung arbeitete, nach und nach in dieses Amt eingef\u00fchrt. Als Rudolf Horak im Jahr 1974 dann in den Ruhestand trat, war es selbstverst\u00e4ndlich, dass Birgit Leeder dieses Amt \u201eerbte\u201c und es seitdem in hervorragender Weise ausf\u00fcllt.<\/p>\n<p>\u00dcber die Jahre hat die VHS in der Zweigstelle Ebersburg durch die aktive Mithilfe von Birgit Leeder ein vielf\u00e4ltiges Angebot an M\u00f6glichkeiten der beruflichen und pers\u00f6nlichen Weiterbildung vorgehalten. Dabei hatten Sportkurse von jeher eine besondere Bedeutung. Ob Skigymnastik oder Wirbels\u00e4ulengymnastik, es wurde immer viel zur Gesunderhaltung der B\u00fcrgerinnen und B\u00fcrger getan. Auch Yoga und Tanzkurse sorgten f\u00fcr Bewegung.<\/p>\n<p>Angebote im kulturellen Bereich wie Aquarellieren oder Hardanger-Stickerei und berufsbildende Angebote wie Englisch und Maschinenscheiben oder sp\u00e4ter EDV und Tastschreiben am PC waren und sind im Programm zu finden. Die Angebote dienen nicht nur der Weiterbildung der Bev\u00f6lkerung, sondern st\u00e4rken die Gemeinschaft und haben einen hohen sozialen Stellenwert f\u00fcr die Teilnehmerinnen und Teilnehmer. <\/p>\n<p>Seit Januar dieses Jahres hat Sabine Happ die Arbeit als VHS-Zweigstellenleiterin \u00fcbernommen und wird sich bem\u00fchen, weiterhin gezielte Angebote zur beruflichen und pers\u00f6nlichen Weiterbildung f\u00fcr die Menschen in der Region zu unterbreiten. Durch die Kooperation mit dem Familienzentrum Ebersburg, vertreten durch Susanne Roser, haben sich schon erste neue Angebote ergeben, die sich vor allem an Kinder und Jugendliche richten.<\/p>\n<p>Michael Friedrich, der Leiter der Volkshochschule des Landkreises Fulda, dankte Birgit Leeder auch im Namen seines Teams f\u00fcr die verdienstvolle und engagierte Zusammenarbeit und \u00fcberreichte ihr als Anerkennung ein kleines Geschenk. <\/p>\n","protected":false},"excerpt":{"rendered":"<div class=\"tmnf_excerpt\"><p>Im Rahmen einer kleinen Feierstunde wurde die langj\u00e4hrige Leiterin der VHS-Zweigstelle Ebersburg, Birgit Leeder, nach mehr als 40j\u00e4hriger T\u00e4tigkeit auf eigenen Wunsch in den Ruhestand verabschiedet. In all den Jahren hat sie durch ihre gro\u00dfe Einsatzbereitschaft dazu beigetragen, ein breit gef\u00e4chertes Weiterbildungsangebot der Volkshochschule des Landkreises Fulda in der Gemeinde zu etablieren. Vor mehr als &hellip;<\/p>\n<\/div>","protected":false},"author":1,"featured_media":0,"comment_status":"closed","ping_status":"closed","sticky":false,"template":"","format":"standard","meta":{"footnotes":""},"categories":[1],"tags":[],"class_list":["post-161256","post","type-post","status-publish","format-standard","hentry","category-startseite"],"_links":{"self":[{"href":"https:\/\/www.fuldaernachrichten.de\/index.php?rest_route=\/wp\/v2\/posts\/161256","targetHints":{"allow":["GET"]}}],"collection":[{"href":"https:\/\/www.fuldaernachrichten.de\/index.php?rest_route=\/wp\/v2\/posts"}],"about":[{"href":"https:\/\/www.fuldaernachrichten.de\/index.php?rest_route=\/wp\/v2\/types\/post"}],"author":[{"embeddable":true,"href":"https:\/\/www.fuldaernachrichten.de\/index.php?rest_route=\/wp\/v2\/users\/1"}],"replies":[{"embeddable":true,"href":"https:\/\/www.fuldaernachrichten.de\/index.php?rest_route=%2Fwp%2Fv2%2Fcomments&post=161256"}],"version-history":[{"count":1,"href":"https:\/\/www.fuldaernachrichten.de\/index.php?rest_route=\/wp\/v2\/posts\/161256\/revisions"}],"predecessor-version":[{"id":161262,"href":"https:\/\/www.fuldaernachrichten.de\/index.php?rest_route=\/wp\/v2\/posts\/161256\/revisions\/161262"}],"wp:attachment":[{"href":"https:\/\/www.fuldaernachrichten.de\/index.php?rest_route=%2Fwp%2Fv2%2Fmedia&parent=161256"}],"wp:term":[{"taxonomy":"category","embeddable":true,"href":"https:\/\/www.fuldaernachrichten.de\/index.php?rest_route=%2Fwp%2Fv2%2Fcategories&post=161256"},{"taxonomy":"post_tag","embeddable":true,"href":"https:\/\/www.fuldaernachrichten.de\/index.php?rest_route=%2Fwp%2Fv2%2Ftags&post=161256"}],"curies":[{"name":"wp","href":"https:\/\/api.w.org\/{rel}","templated":true}]}}