{"id":161249,"date":"2017-03-21T09:06:27","date_gmt":"2017-03-21T08:06:27","guid":{"rendered":"http:\/\/www.fuldaer-nachrichten.de\/?p=161249"},"modified":"2017-03-21T09:06:27","modified_gmt":"2017-03-21T08:06:27","slug":"von-pfeffersaecken-und-hungerleidern","status":"publish","type":"post","link":"https:\/\/www.fuldaernachrichten.de\/?p=161249","title":{"rendered":"\u201eVon Pfeffers\u00e4cken und Hungerleidern\u201c"},"content":{"rendered":"<p>Aufgrund der hohen Nachfrage und auf vielfachen Wunsch der Besucher wird die Sonderausstellung \u201eVon Pfeffers\u00e4cken und Hungerleidern \u2013 Geschichte(n) \u00fcbers Essen und Trinken\u201c im Vonderau Museum verl\u00e4ngert bis Ostermontag, 17. April 2017.<\/p>\n<p>N\u00e4chste Termine im Begleitprogramm:<\/p>\n<p>\u201eWertvoll. Sinnvoll. Das Beste aus der Rh\u00f6n\u201c<br \/>\nDie Verbraucher von heute sind bewusster geworden und legen immer mehr Wert darauf, dass Lebens- und Genussmittel handwerklich hergestellte regionale Erzeugnisse sind. Daher haben sich unter der \u201eDachmarke Rh\u00f6n\u201c engagierte Rh\u00f6ner Betriebe bei der Erzeugung, Verarbeitung und Vermarktung von nachhaltig hergestellten und qualitativ hochwertigen Produkten mit dem Motto \u201eSchutz durch Nutzung\u201c zusammengeschlossen.<br \/>\nVortrag von Dipl.-Ing. agr. Barbara Landgraf, Gesch\u00e4ftsf\u00fchrerin der Dachmarke Rh\u00f6n<br \/>\nMittwoch, 22.M\u00e4rz 2017, 18.00 Uhr (Kapelle), Eintritt 1,00 \u00e2\u201a\u00ac<\/p>\n<p>Regionalmarkt \u2013 F\u00fcr Schlemmer und Genie\u00dfer<br \/>\nWer genie\u00dfen, schlemmen und den Gaumen verw\u00f6hnen m\u00f6chte und wer auf der Suche nach leckeren und frischen regionalen Produkten ist, sollte am letzten Sonntag im M\u00e4rz beim \u201eRegionalmarkt\u201c in der Kapelle des Vonderau Museums vorbeischauen. Hier bieten regionale Hersteller, Manufakturen und Lieferanten wie die R\u00f6sterei Kaffeekultur, der Feine Vanilleladen, Kostbar\/Casa-R-ella und Erlesm\u00fchler Allerlei eine gro\u00dfe Auswahl an heimischen Spezialit\u00e4ten aus Fulda und aus der Rh\u00f6n an mit herzhaften und s\u00fc\u00dfen K\u00f6stlichkeiten zum Probieren, Kaufen und Verschenken. F\u00fcr jeden Feinschmecker ist etwas dabei.<br \/>\nRegionalmarkt, Sonntag, 26.M\u00e4rz 2017, 10.00 \u2013 16.00 Uhr, Eintritt 1,00 \u00e2\u201a\u00ac<br \/>\nSonntagsf\u00fchrung, 26.M\u00e4rz 2017, 15.00 Uhr, Eintritt 1,00 \u00e2\u201a\u00ac<\/p>\n","protected":false},"excerpt":{"rendered":"<div class=\"tmnf_excerpt\"><p>Aufgrund der hohen Nachfrage und auf vielfachen Wunsch der Besucher wird die Sonderausstellung \u201eVon Pfeffers\u00e4cken und Hungerleidern \u2013 Geschichte(n) \u00fcbers Essen und Trinken\u201c im Vonderau Museum verl\u00e4ngert bis Ostermontag, 17. April 2017. N\u00e4chste Termine im Begleitprogramm: \u201eWertvoll. Sinnvoll. Das Beste aus der Rh\u00f6n\u201c Die Verbraucher von heute sind bewusster geworden und legen immer mehr Wert &hellip;<\/p>\n<\/div>","protected":false},"author":1,"featured_media":161254,"comment_status":"closed","ping_status":"closed","sticky":false,"template":"","format":"standard","meta":{"footnotes":""},"categories":[1],"tags":[],"class_list":["post-161249","post","type-post","status-publish","format-standard","has-post-thumbnail","hentry","category-startseite"],"_links":{"self":[{"href":"https:\/\/www.fuldaernachrichten.de\/index.php?rest_route=\/wp\/v2\/posts\/161249","targetHints":{"allow":["GET"]}}],"collection":[{"href":"https:\/\/www.fuldaernachrichten.de\/index.php?rest_route=\/wp\/v2\/posts"}],"about":[{"href":"https:\/\/www.fuldaernachrichten.de\/index.php?rest_route=\/wp\/v2\/types\/post"}],"author":[{"embeddable":true,"href":"https:\/\/www.fuldaernachrichten.de\/index.php?rest_route=\/wp\/v2\/users\/1"}],"replies":[{"embeddable":true,"href":"https:\/\/www.fuldaernachrichten.de\/index.php?rest_route=%2Fwp%2Fv2%2Fcomments&post=161249"}],"version-history":[{"count":1,"href":"https:\/\/www.fuldaernachrichten.de\/index.php?rest_route=\/wp\/v2\/posts\/161249\/revisions"}],"predecessor-version":[{"id":161255,"href":"https:\/\/www.fuldaernachrichten.de\/index.php?rest_route=\/wp\/v2\/posts\/161249\/revisions\/161255"}],"wp:featuredmedia":[{"embeddable":true,"href":"https:\/\/www.fuldaernachrichten.de\/index.php?rest_route=\/wp\/v2\/media\/161254"}],"wp:attachment":[{"href":"https:\/\/www.fuldaernachrichten.de\/index.php?rest_route=%2Fwp%2Fv2%2Fmedia&parent=161249"}],"wp:term":[{"taxonomy":"category","embeddable":true,"href":"https:\/\/www.fuldaernachrichten.de\/index.php?rest_route=%2Fwp%2Fv2%2Fcategories&post=161249"},{"taxonomy":"post_tag","embeddable":true,"href":"https:\/\/www.fuldaernachrichten.de\/index.php?rest_route=%2Fwp%2Fv2%2Ftags&post=161249"}],"curies":[{"name":"wp","href":"https:\/\/api.w.org\/{rel}","templated":true}]}}