{"id":161245,"date":"2017-03-21T09:05:27","date_gmt":"2017-03-21T08:05:27","guid":{"rendered":"http:\/\/www.fuldaer-nachrichten.de\/?p=161245"},"modified":"2017-03-21T09:05:27","modified_gmt":"2017-03-21T08:05:27","slug":"awo-buecherbasar-am-sa-25-03-2017-ab-1400-uhr-awo-fulda-frankfurter-str-28","status":"publish","type":"post","link":"https:\/\/www.fuldaernachrichten.de\/?p=161245","title":{"rendered":"AWO B\u00fccherbasar am Sa. 25.03.2017 ab 14:00 Uhr, AWO Fulda, Frankfurter Str. 28"},"content":{"rendered":"<p>Fr\u00fchjahrszeit &#8211; Start in die Garten- und Balkonsaison! Hilfreiche Tipps und Anregungen bieten eine Vielzahl preiswerter und zum Teil fast neuwertiger B\u00fccher. Der Arbeiterwohlfahrt Kreisverband Fulda e.V. veranstaltet wieder einen B\u00fccherbasar. Angeboten wird eine gro\u00dfe Auswahl gebrauchter B\u00fccher \u2013 nat\u00fcrlich nicht nur zu gr\u00fcnen Themen. Wie in der Vergangenheit gibt es auch wieder die Gelegenheit bei Kaffee und Kuchen die ersten Leseproben zu nehmen. Der Erl\u00f6s kommt direkt der Kinder- und Jugendarbeit der AWO in Fulda zugute.<br \/>\nDer Erl\u00f6s kommt direkt der Kinder- und Jugendarbeit der AWO in Fulda zugute. Der Basar findet am Sa. 25.03.2017 von 14:00 \u2013 16:00 Uhr in unserer Gesch\u00e4ftsstelle in Fulda in der Frankfurter Str. 28 statt. (Weitere Termine finden Sie auf unserer AWO Homepage).<br \/>\nFragen beantworten wir Ihnen unter der Telefonnummer 0661\/ 480 045 &#8211; 0<\/p>\n","protected":false},"excerpt":{"rendered":"<div class=\"tmnf_excerpt\"><p>Fr\u00fchjahrszeit &#8211; Start in die Garten- und Balkonsaison! Hilfreiche Tipps und Anregungen bieten eine Vielzahl preiswerter und zum Teil fast neuwertiger B\u00fccher. Der Arbeiterwohlfahrt Kreisverband Fulda e.V. veranstaltet wieder einen B\u00fccherbasar. Angeboten wird eine gro\u00dfe Auswahl gebrauchter B\u00fccher \u2013 nat\u00fcrlich nicht nur zu gr\u00fcnen Themen. Wie in der Vergangenheit gibt es auch wieder die Gelegenheit &hellip;<\/p>\n<\/div>","protected":false},"author":1,"featured_media":0,"comment_status":"closed","ping_status":"closed","sticky":false,"template":"","format":"standard","meta":{"footnotes":""},"categories":[1],"tags":[],"class_list":["post-161245","post","type-post","status-publish","format-standard","hentry","category-startseite"],"_links":{"self":[{"href":"https:\/\/www.fuldaernachrichten.de\/index.php?rest_route=\/wp\/v2\/posts\/161245","targetHints":{"allow":["GET"]}}],"collection":[{"href":"https:\/\/www.fuldaernachrichten.de\/index.php?rest_route=\/wp\/v2\/posts"}],"about":[{"href":"https:\/\/www.fuldaernachrichten.de\/index.php?rest_route=\/wp\/v2\/types\/post"}],"author":[{"embeddable":true,"href":"https:\/\/www.fuldaernachrichten.de\/index.php?rest_route=\/wp\/v2\/users\/1"}],"replies":[{"embeddable":true,"href":"https:\/\/www.fuldaernachrichten.de\/index.php?rest_route=%2Fwp%2Fv2%2Fcomments&post=161245"}],"version-history":[{"count":1,"href":"https:\/\/www.fuldaernachrichten.de\/index.php?rest_route=\/wp\/v2\/posts\/161245\/revisions"}],"predecessor-version":[{"id":161250,"href":"https:\/\/www.fuldaernachrichten.de\/index.php?rest_route=\/wp\/v2\/posts\/161245\/revisions\/161250"}],"wp:attachment":[{"href":"https:\/\/www.fuldaernachrichten.de\/index.php?rest_route=%2Fwp%2Fv2%2Fmedia&parent=161245"}],"wp:term":[{"taxonomy":"category","embeddable":true,"href":"https:\/\/www.fuldaernachrichten.de\/index.php?rest_route=%2Fwp%2Fv2%2Fcategories&post=161245"},{"taxonomy":"post_tag","embeddable":true,"href":"https:\/\/www.fuldaernachrichten.de\/index.php?rest_route=%2Fwp%2Fv2%2Ftags&post=161245"}],"curies":[{"name":"wp","href":"https:\/\/api.w.org\/{rel}","templated":true}]}}