{"id":161244,"date":"2017-03-21T09:05:15","date_gmt":"2017-03-21T08:05:15","guid":{"rendered":"http:\/\/www.fuldaer-nachrichten.de\/?p=161244"},"modified":"2017-03-21T09:05:15","modified_gmt":"2017-03-21T08:05:15","slug":"brand-in-einer-lagerhalle-von-antonius","status":"publish","type":"post","link":"https:\/\/www.fuldaernachrichten.de\/?p=161244","title":{"rendered":"Brand in einer Lagerhalle von antonius"},"content":{"rendered":"<p>Gegen 10 Uhr heute Vormittag ist in einer Lagerhalle der G\u00e4rtnerei von antonius \u2013 Netzwerk Mensch Feuer ausgebrochen. Zum jetzigen Standpunkt geht die Feuerwehr von einem technischen Defekt als Brandursache aus. Die Halle wird von der G\u00e4rtnerei als Lagerort f\u00fcr Maschinen und Ger\u00e4tschaften, wie Traktoren und Rasenm\u00e4her genutzt. Zum Zeitpunkt des Feuerausbruchs hat sich kein Mitarbeiter von antonius in der Halle aufgehalten.<\/p>\n<p>\u201eWir sind schockiert \u00fcber diesen Brand und unendlich dankbar, dass es keinen Personenschaden gibt\u201c, so Rainer Sippel, Vorstand von antonius. \u201eDie Kollegen aus unseren Betrieben haben sofort die nebenstehenden Geb\u00e4ude evakuiert und sichergestellt, dass alle Mitarbeiter von antonius in Sicherheit sind\u201c, erg\u00e4nzt Michaela Lengsfeld, Gesch\u00e4ftsf\u00fchrerin von antonius. Die Feuerwehr hatte den Brand nach kurzer Zeit unter Kontrolle und konnte das \u00dcbergreifen auf andere Geb\u00e4ude verhindern.<\/p>\n","protected":false},"excerpt":{"rendered":"<div class=\"tmnf_excerpt\"><p>Gegen 10 Uhr heute Vormittag ist in einer Lagerhalle der G\u00e4rtnerei von antonius \u2013 Netzwerk Mensch Feuer ausgebrochen. Zum jetzigen Standpunkt geht die Feuerwehr von einem technischen Defekt als Brandursache aus. Die Halle wird von der G\u00e4rtnerei als Lagerort f\u00fcr Maschinen und Ger\u00e4tschaften, wie Traktoren und Rasenm\u00e4her genutzt. Zum Zeitpunkt des Feuerausbruchs hat sich kein &hellip;<\/p>\n<\/div>","protected":false},"author":1,"featured_media":0,"comment_status":"closed","ping_status":"closed","sticky":false,"template":"","format":"standard","meta":{"footnotes":""},"categories":[1],"tags":[],"class_list":["post-161244","post","type-post","status-publish","format-standard","hentry","category-startseite"],"_links":{"self":[{"href":"https:\/\/www.fuldaernachrichten.de\/index.php?rest_route=\/wp\/v2\/posts\/161244","targetHints":{"allow":["GET"]}}],"collection":[{"href":"https:\/\/www.fuldaernachrichten.de\/index.php?rest_route=\/wp\/v2\/posts"}],"about":[{"href":"https:\/\/www.fuldaernachrichten.de\/index.php?rest_route=\/wp\/v2\/types\/post"}],"author":[{"embeddable":true,"href":"https:\/\/www.fuldaernachrichten.de\/index.php?rest_route=\/wp\/v2\/users\/1"}],"replies":[{"embeddable":true,"href":"https:\/\/www.fuldaernachrichten.de\/index.php?rest_route=%2Fwp%2Fv2%2Fcomments&post=161244"}],"version-history":[{"count":1,"href":"https:\/\/www.fuldaernachrichten.de\/index.php?rest_route=\/wp\/v2\/posts\/161244\/revisions"}],"predecessor-version":[{"id":161248,"href":"https:\/\/www.fuldaernachrichten.de\/index.php?rest_route=\/wp\/v2\/posts\/161244\/revisions\/161248"}],"wp:attachment":[{"href":"https:\/\/www.fuldaernachrichten.de\/index.php?rest_route=%2Fwp%2Fv2%2Fmedia&parent=161244"}],"wp:term":[{"taxonomy":"category","embeddable":true,"href":"https:\/\/www.fuldaernachrichten.de\/index.php?rest_route=%2Fwp%2Fv2%2Fcategories&post=161244"},{"taxonomy":"post_tag","embeddable":true,"href":"https:\/\/www.fuldaernachrichten.de\/index.php?rest_route=%2Fwp%2Fv2%2Ftags&post=161244"}],"curies":[{"name":"wp","href":"https:\/\/api.w.org\/{rel}","templated":true}]}}