{"id":161243,"date":"2017-03-21T09:05:02","date_gmt":"2017-03-21T08:05:02","guid":{"rendered":"http:\/\/www.fuldaer-nachrichten.de\/?p=161243"},"modified":"2017-03-21T09:05:02","modified_gmt":"2017-03-21T08:05:02","slug":"neue-bewegungslandschaft-im-kindergarten-magdlos","status":"publish","type":"post","link":"https:\/\/www.fuldaernachrichten.de\/?p=161243","title":{"rendered":"Neue Bewegungslandschaft im Kindergarten Magdlos"},"content":{"rendered":"<p>Koordinative F\u00e4higkeiten sind die Grundlage menschlicher Bewegung und eine wichtige Alltagskompetenz. Dabei hat sich das Umfeld von Kindern im Verh\u00e4ltnis zu fr\u00fcheren Zeiten stark ver\u00e4ndert.<\/p>\n<p>Auch am Dorf spielen die Kinder nicht mehr den ganzen Tag im Freien, auf Stra\u00dfen, Wiesen und im Wald. Die M\u00f6glichkeit, ihre Muskeln beim Erklettern von B\u00e4umen zu st\u00e4rken oder ihre Kr\u00e4fte auszuprobieren, fehlt oft. Den fehlenden Bewegungsm\u00f6glichkeiten will der Kindergarten Magdlos in Tr\u00e4gerschaft der Gemeinde Flieden entgegenwirken.<\/p>\n<p>Bereits im November 2016 wurde der dortige Bewegungsraum neu gestaltet. Mit einer Kombination von Kletter- und Sprossenwand und einem T-Schienensystem der Firma Haidig, die ganz auf die baulichen Gegebenheiten der Einrichtung angepasst wurden, k\u00f6nnen die Kinder in einer gesch\u00fctzten Atmosph\u00e4re ihrem Bewegungsdrang nachgehen.<\/p>\n<p>Das gut durchdachte Konzept hat einen hohen Aufforderungscharakter. Die Kinder k\u00f6nnen ihre Reflexe trainieren, spielerisch das Gleichgewicht und die Koordination von Bewegungsabl\u00e4ufen schulen, Muskeln und Knochen kr\u00e4ftigen, ihre Bewegungen kontrollieren und Sicherheit gewinnen. F\u00fcr jedes Kind gibt es stets Erfolgserlebnisse, die das Selbstwertgef\u00fchl st\u00e4rken.<\/p>\n<p>Durch die M\u00f6glichkeit, eine Schaukel zu integrieren, auf der bis zu vier Kinder gleichzeitig agieren k\u00f6nnen, werden das Miteinander und der Spa\u00df gro\u00df geschrieben. Auch der Spracherwerb und kognitive F\u00e4higkeiten k\u00f6nnen durch gezieltes Einsetzen von Zubeh\u00f6r an der Kletterwand gef\u00f6rdert werden.<\/p>\n<p>Zur Abrundung wurden die W\u00e4nde des Raums durch Mitarbeiter des gemeindlichen Bauhofs farblich der Bewegungslandschaft angepasst, so dass sich f\u00fcr die Kinder ein harmonisches Umfeld in Form eines Schiffs auf hoher See bietet.<\/p>\n<p>Um die vielf\u00e4ltigen M\u00f6glichkeiten des Spiel- und Kletterger\u00e4tes umf\u00e4nglich nutzen und gezielt einsetzen zu k\u00f6nnen, wurden die Erzieherinnen vom Hersteller speziell daf\u00fcr geschult.<\/p>\n<p>Die Investition in H\u00f6he von rd. 10.000\u00c2\u00a0Euro f\u00fcr die p\u00e4dagogisch wertvolle Erg\u00e4nzung des Kindergartens in Magdlos wurde zu 50% vom Land Hessen gef\u00f6rdert.<\/p>\n<p>Die Bewegungslandschaft ist erweiterbar: So soll k\u00fcnftig der gesamte Bewegungsraum mit weiteren Schienen f\u00fcr die Schaukel ausgestattet werden, so dass er vollst\u00e4ndig in die Projekte des Kindergartens eingebunden werden kann.<\/p>\n<p>Kinder und Erzieherinnen im Magdlos sind sich einig: \u201eDie neue Bewegungslandschaft ist nicht nur toll durchdacht und sieht sch\u00f6n aus, nein, sie macht auch riesigen Spa\u00df, f\u00fcr den wir uns bedanken wollen!\u201c<\/p>\n","protected":false},"excerpt":{"rendered":"<div class=\"tmnf_excerpt\"><p>Koordinative F\u00e4higkeiten sind die Grundlage menschlicher Bewegung und eine wichtige Alltagskompetenz. Dabei hat sich das Umfeld von Kindern im Verh\u00e4ltnis zu fr\u00fcheren Zeiten stark ver\u00e4ndert. Auch am Dorf spielen die Kinder nicht mehr den ganzen Tag im Freien, auf Stra\u00dfen, Wiesen und im Wald. Die M\u00f6glichkeit, ihre Muskeln beim Erklettern von B\u00e4umen zu st\u00e4rken oder &hellip;<\/p>\n<\/div>","protected":false},"author":1,"featured_media":161246,"comment_status":"closed","ping_status":"closed","sticky":false,"template":"","format":"standard","meta":{"footnotes":""},"categories":[1],"tags":[],"class_list":["post-161243","post","type-post","status-publish","format-standard","has-post-thumbnail","hentry","category-startseite"],"_links":{"self":[{"href":"https:\/\/www.fuldaernachrichten.de\/index.php?rest_route=\/wp\/v2\/posts\/161243","targetHints":{"allow":["GET"]}}],"collection":[{"href":"https:\/\/www.fuldaernachrichten.de\/index.php?rest_route=\/wp\/v2\/posts"}],"about":[{"href":"https:\/\/www.fuldaernachrichten.de\/index.php?rest_route=\/wp\/v2\/types\/post"}],"author":[{"embeddable":true,"href":"https:\/\/www.fuldaernachrichten.de\/index.php?rest_route=\/wp\/v2\/users\/1"}],"replies":[{"embeddable":true,"href":"https:\/\/www.fuldaernachrichten.de\/index.php?rest_route=%2Fwp%2Fv2%2Fcomments&post=161243"}],"version-history":[{"count":1,"href":"https:\/\/www.fuldaernachrichten.de\/index.php?rest_route=\/wp\/v2\/posts\/161243\/revisions"}],"predecessor-version":[{"id":161247,"href":"https:\/\/www.fuldaernachrichten.de\/index.php?rest_route=\/wp\/v2\/posts\/161243\/revisions\/161247"}],"wp:featuredmedia":[{"embeddable":true,"href":"https:\/\/www.fuldaernachrichten.de\/index.php?rest_route=\/wp\/v2\/media\/161246"}],"wp:attachment":[{"href":"https:\/\/www.fuldaernachrichten.de\/index.php?rest_route=%2Fwp%2Fv2%2Fmedia&parent=161243"}],"wp:term":[{"taxonomy":"category","embeddable":true,"href":"https:\/\/www.fuldaernachrichten.de\/index.php?rest_route=%2Fwp%2Fv2%2Fcategories&post=161243"},{"taxonomy":"post_tag","embeddable":true,"href":"https:\/\/www.fuldaernachrichten.de\/index.php?rest_route=%2Fwp%2Fv2%2Ftags&post=161243"}],"curies":[{"name":"wp","href":"https:\/\/api.w.org\/{rel}","templated":true}]}}