{"id":161242,"date":"2017-03-21T09:06:00","date_gmt":"2017-03-21T08:06:00","guid":{"rendered":"http:\/\/www.fuldaer-nachrichten.de\/?p=161242"},"modified":"2017-03-21T09:06:00","modified_gmt":"2017-03-21T08:06:00","slug":"kreisseniorenbeauftragte-rosemarie-mueller-zu-besuch-in-der-vulkanvilla","status":"publish","type":"post","link":"https:\/\/www.fuldaernachrichten.de\/?p=161242","title":{"rendered":"Kreisseniorenbeauftragte Rosemarie M\u00fcller zu Besuch in der VulkanVilla"},"content":{"rendered":"<p>\nVor dreieinhalb Jahren haben Ursula und Horst Helm in Alsfeld ihre ambitionierte Idee einer betreuten Wohngemeinschaft f\u00fcr Senioren in einem eigens daf\u00fcr umgebauten barrierefreien Haus in der Liebigstra\u00dfe verwirklicht. In Ein- und Zweizimmerapartments mit eigenem Bad, K\u00fcchenzeile und Hausnotruf k\u00f6nnen bis zu acht Seniorinnen und Senioren  wohnen, die schon auf Hilfe angewiesen sind, aber ihren Alltag noch weitgehend eigenst\u00e4ndig meistern k\u00f6nnen. Unterst\u00fctzt werden sie von einer Pr\u00e4senzkraft der Sozialstation Alsfeld. Und bei Bedarf k\u00f6nnen sie pflegerische und hauswirtschaftliche Unterst\u00fctzung durch den ambulanten Pflegedienst zus\u00e4tzlich erhalten.<\/p>\n<p>Die Seniorenbeauftragte des Vogelsbergkreises Kreisbeigeordnete Rosemarie M\u00fcller nutzte k\u00fcrzlich die Gelegenheit, bei einer Einladung zum gemeinsamen Nachmittagskaffee mit den Mieterinnen und Mietern ins Gespr\u00e4ch zu kommen. Die Erfahrungen der Seniorinnen und Senioren sind durchweg positiv. Luise Plagge, die als erste Mieterin in die Wohngemeinschaft einzog, sprach allen aus dem Herzen, als sie sagte: \u201eWir sind eine sch\u00f6ne Gemeinschaft. Wir k\u00f6nnen \u00fcber alles reden. Niemand ist allein.\u201c<br \/>\nSeniorenwohngemeinschaften sind ein attraktives Angebot zwischen h\u00e4uslichem Wohnen und station\u00e4ren Pflege in einem Pflegeheim. Rosemarie M\u00fcller betonte, dass die Weiterentwicklung neuer Wohnformen f\u00fcr \u00e4ltere Menschen gerade vor dem Hintergrund der demografischen und gesellschaftlichen Ver\u00e4nderungen eine Herausforderung f\u00fcr die Zukunft ist. Wohnkonzepte m\u00fcssten an die sich \u00e4ndernden Wohnbed\u00fcrfnisse \u00e4lterer Menschen angepasst werden.<\/p>\n<p>Selbstbestimmte und individuelle Wohnl\u00f6sungen w\u00fcrden heute sehr viel st\u00e4rker nachgefragt.<br \/>\nDas Konzept der VulkanVilla setzt genau an diesem Punkt an. Die Lage des Hauses ist ideal. Der Blick aus dem Fenster geht \u00fcber Felder bis nach Eudorf. Alle f\u00fchlen sich hier wohl und gut versorgt. Birgit Oberst, die als Pr\u00e4senzkraft in der \u201eVulkanVilla\u201c arbeitet, unterst\u00fctzt die Senioren nach Kr\u00e4ften. Und Ursula und Horst Helm sind ebenfalls f\u00fcr Ihre Mieter da, wenn Rat und Hilfe n\u00f6tig sind.<\/p>\n<p>Die Sorgen und N\u00f6te der \u00e4lteren Menschen kennt Ursula Helm aus ihrer jahrzehntelangen ehrenamtlichen Arbeit bei den Landfrauen. Die Familienstrukturen werden br\u00fcchiger, die Kinder leben berufsbedingt oft weiter weg von zu Hause, die alten Eltern bleiben allein zur\u00fcck, beschreibt sie den Beweggrund f\u00fcr ihr Handeln. Die Toleranz und R\u00fccksicht in einer Gro\u00dffamilie fehlten heute. Immer mehr \u00e4ltere Menschen w\u00fcrden unter der Einsamkeit leiden, vor allem dann, wenn der Lebenspartner weggefallen sei. Das best\u00e4tigt auch Luise Plagge, die nach dem Tod ihres Mannes sehr krank geworden ist. F\u00fcr sie sei es ein Gl\u00fcck gewesen, der Familie Helm zu begegnen. In der Senioren-Wohngemeinschaft habe sie einen guten Platz zum Leben gefunden.<\/p>\n<p>Beim Rundgang durch das Haus konnte die Kreisseniorenbeauftragte auch einen Blick in die Apartments werfen. Jedes Apartment hat einen eigenen Balkon oder einen Ausgang auf die Terrasse, der Garten l\u00e4dt zum Verweilen ein, es gibt eine gem\u00fctliche Sitzecke mit Grill, im Haus einen gro\u00dfen Gemeinschaftsraum mit einem liebevoll gestalteten Vorraum mit Sitzgelegenheiten.<\/p>\n<p>Wer sich \u00fcber das Wohnen in der VulkanVilla informieren m\u00f6chte, kann sich an Ursula Helm wenden, Tel.-Nr. 06631-2923.<\/p>\n","protected":false},"excerpt":{"rendered":"<div class=\"tmnf_excerpt\"><p>Vor dreieinhalb Jahren haben Ursula und Horst Helm in Alsfeld ihre ambitionierte Idee einer betreuten Wohngemeinschaft f\u00fcr Senioren in einem eigens daf\u00fcr umgebauten barrierefreien Haus in der Liebigstra\u00dfe verwirklicht. In Ein- und Zweizimmerapartments mit eigenem Bad, K\u00fcchenzeile und Hausnotruf k\u00f6nnen bis zu acht Seniorinnen und Senioren wohnen, die schon auf Hilfe angewiesen sind, aber ihren &hellip;<\/p>\n<\/div>","protected":false},"author":1,"featured_media":0,"comment_status":"closed","ping_status":"closed","sticky":false,"template":"","format":"standard","meta":{"footnotes":""},"categories":[1],"tags":[],"class_list":["post-161242","post","type-post","status-publish","format-standard","hentry","category-startseite"],"_links":{"self":[{"href":"https:\/\/www.fuldaernachrichten.de\/index.php?rest_route=\/wp\/v2\/posts\/161242","targetHints":{"allow":["GET"]}}],"collection":[{"href":"https:\/\/www.fuldaernachrichten.de\/index.php?rest_route=\/wp\/v2\/posts"}],"about":[{"href":"https:\/\/www.fuldaernachrichten.de\/index.php?rest_route=\/wp\/v2\/types\/post"}],"author":[{"embeddable":true,"href":"https:\/\/www.fuldaernachrichten.de\/index.php?rest_route=\/wp\/v2\/users\/1"}],"replies":[{"embeddable":true,"href":"https:\/\/www.fuldaernachrichten.de\/index.php?rest_route=%2Fwp%2Fv2%2Fcomments&post=161242"}],"version-history":[{"count":1,"href":"https:\/\/www.fuldaernachrichten.de\/index.php?rest_route=\/wp\/v2\/posts\/161242\/revisions"}],"predecessor-version":[{"id":161252,"href":"https:\/\/www.fuldaernachrichten.de\/index.php?rest_route=\/wp\/v2\/posts\/161242\/revisions\/161252"}],"wp:attachment":[{"href":"https:\/\/www.fuldaernachrichten.de\/index.php?rest_route=%2Fwp%2Fv2%2Fmedia&parent=161242"}],"wp:term":[{"taxonomy":"category","embeddable":true,"href":"https:\/\/www.fuldaernachrichten.de\/index.php?rest_route=%2Fwp%2Fv2%2Fcategories&post=161242"},{"taxonomy":"post_tag","embeddable":true,"href":"https:\/\/www.fuldaernachrichten.de\/index.php?rest_route=%2Fwp%2Fv2%2Ftags&post=161242"}],"curies":[{"name":"wp","href":"https:\/\/api.w.org\/{rel}","templated":true}]}}