{"id":161239,"date":"2017-03-21T09:04:32","date_gmt":"2017-03-21T08:04:32","guid":{"rendered":"http:\/\/www.fuldaer-nachrichten.de\/?p=161239"},"modified":"2017-03-21T09:04:32","modified_gmt":"2017-03-21T08:04:32","slug":"das-mehrgenerationenhaus-in-aschenberg-darf-sich-ueber-40-000-euro-freuen-birgit-koempel-stetes-werben-hat-sich-gelohnt","status":"publish","type":"post","link":"https:\/\/www.fuldaernachrichten.de\/?p=161239","title":{"rendered":"Das Mehrgenerationenhaus in Aschenberg darf sich \u00fcber 40.000 Euro freuen &#8211; Birgit K\u00f6mpel: Stetes Werben hat sich gelohnt"},"content":{"rendered":"<p>&#8220;Ich freue mich, dass das Mehrgenerationenhaus in Aschenberg die beantragten F\u00f6rdergelder erhalten wird&#8221;, kommentiert die SPD-Bundestagsabgeordnete Birgit K\u00f6mpel (Wahlkreis Fulda\/Vogelsberg) die Information des Bundesministeriums f\u00fcr Familie, Senioren, Frauen und Jugend, dass der F\u00f6rderbescheid heute auf den Postweg gebracht wurde.<\/p>\n<p>Das Mehrgenerationenhaus in Aschenberg &#8211; das Einzige im Wahlkreis von Birgit K\u00f6mpel &#8211; darf sich \u00fcber insgesamt 40.000 Euro freuen. 30.000 Euro kommen aus dem Ministerium und 10.000 Euro wird die Kommune beisteuern. &#8220;Ich freue mich sehr, dass mein stetes Werben und mein unerm\u00fcdlicher Einsatz f\u00fcr das Mehrgenerationenhaus, das ich bereits mehrfach in dieser Legislaturperiode besucht habe, sich gelohnt haben&#8221;, sagt die Abgeordnete.<br \/>\nDie F\u00f6rdergelder w\u00fcrden dazu beitragen, den vielf\u00e4ltigen Aufgaben und Angeboten, die das Mehrgenerationenhaus unter einem Dach vereine, noch besser nachzukommen und gerecht werden zu k\u00f6nnen.<\/p>\n<p>Das Mehrgenerationenhaus leiste am Aschenberg nicht nur wertvolle Arbeit f\u00fcr alle Generationen, sondern auch wesentliche Beitr\u00e4ge zur Integration in Fulda. &#8220;Jeder Cent ist hier richtig investiert und wird Fr\u00fcchte zum Wohl der B\u00fcrgerinnen und B\u00fcrger tragen&#8221;, so die Abgeordnete abschlie\u00dfend.<\/p>\n","protected":false},"excerpt":{"rendered":"<div class=\"tmnf_excerpt\"><p>&#8220;Ich freue mich, dass das Mehrgenerationenhaus in Aschenberg die beantragten F\u00f6rdergelder erhalten wird&#8221;, kommentiert die SPD-Bundestagsabgeordnete Birgit K\u00f6mpel (Wahlkreis Fulda\/Vogelsberg) die Information des Bundesministeriums f\u00fcr Familie, Senioren, Frauen und Jugend, dass der F\u00f6rderbescheid heute auf den Postweg gebracht wurde. Das Mehrgenerationenhaus in Aschenberg &#8211; das Einzige im Wahlkreis von Birgit K\u00f6mpel &#8211; darf sich \u00fcber &hellip;<\/p>\n<\/div>","protected":false},"author":1,"featured_media":161240,"comment_status":"closed","ping_status":"closed","sticky":false,"template":"","format":"standard","meta":{"footnotes":""},"categories":[1],"tags":[],"class_list":["post-161239","post","type-post","status-publish","format-standard","has-post-thumbnail","hentry","category-startseite"],"_links":{"self":[{"href":"https:\/\/www.fuldaernachrichten.de\/index.php?rest_route=\/wp\/v2\/posts\/161239","targetHints":{"allow":["GET"]}}],"collection":[{"href":"https:\/\/www.fuldaernachrichten.de\/index.php?rest_route=\/wp\/v2\/posts"}],"about":[{"href":"https:\/\/www.fuldaernachrichten.de\/index.php?rest_route=\/wp\/v2\/types\/post"}],"author":[{"embeddable":true,"href":"https:\/\/www.fuldaernachrichten.de\/index.php?rest_route=\/wp\/v2\/users\/1"}],"replies":[{"embeddable":true,"href":"https:\/\/www.fuldaernachrichten.de\/index.php?rest_route=%2Fwp%2Fv2%2Fcomments&post=161239"}],"version-history":[{"count":1,"href":"https:\/\/www.fuldaernachrichten.de\/index.php?rest_route=\/wp\/v2\/posts\/161239\/revisions"}],"predecessor-version":[{"id":161241,"href":"https:\/\/www.fuldaernachrichten.de\/index.php?rest_route=\/wp\/v2\/posts\/161239\/revisions\/161241"}],"wp:featuredmedia":[{"embeddable":true,"href":"https:\/\/www.fuldaernachrichten.de\/index.php?rest_route=\/wp\/v2\/media\/161240"}],"wp:attachment":[{"href":"https:\/\/www.fuldaernachrichten.de\/index.php?rest_route=%2Fwp%2Fv2%2Fmedia&parent=161239"}],"wp:term":[{"taxonomy":"category","embeddable":true,"href":"https:\/\/www.fuldaernachrichten.de\/index.php?rest_route=%2Fwp%2Fv2%2Fcategories&post=161239"},{"taxonomy":"post_tag","embeddable":true,"href":"https:\/\/www.fuldaernachrichten.de\/index.php?rest_route=%2Fwp%2Fv2%2Ftags&post=161239"}],"curies":[{"name":"wp","href":"https:\/\/api.w.org\/{rel}","templated":true}]}}