{"id":161227,"date":"2017-03-19T21:36:24","date_gmt":"2017-03-19T20:36:24","guid":{"rendered":"http:\/\/www.fuldaer-nachrichten.de\/?p=161227"},"modified":"2017-03-19T21:36:24","modified_gmt":"2017-03-19T20:36:24","slug":"500-andachts-und-gottesdienstbesucher-vorstand-wiedergewaehlt","status":"publish","type":"post","link":"https:\/\/www.fuldaernachrichten.de\/?p=161227","title":{"rendered":"500 Andachts- und Gottesdienstbesucher &#8211; Vorstand wiedergew\u00e4hlt"},"content":{"rendered":"<p>Eine nicht nachlassende Teilnahme bei Andachten und Gottesdiensten an der H\u00fcnhaner Grotte,  konnte Vorsitzender G\u00fcnter Pilz in seinem Jahresbericht anl\u00e4\u00dflich der Jahreshautpversammlung in der S\u00e4ngerburg verzeichnen. Rund 500 Besucher kamen zu acht Gottesdiensten und Andachten. \u00d6kumenische Maiandacht eingeplant.<\/p>\n<p>Mit einem Gemeinschaftsgottesdienst begann die Jahreshauptversammlung, zelebriert von Pfarrer Franz Hilfenhaus. H\u00f6hepunkt im Berichtsjahr 2016 war der Festgottesdienst zum 70-j\u00e4hrigen Bestehen der Grotte seit der Ersterbauung im Jahre 1946. Alle monatlichen Andachten und Gottesdienste finden eine gute Resonanz berichtet Pilz. Ebenso gut ist die Spendenbereitschaft zur Erhaltung der gro\u00dfen, neuen Grottenanlage.  Die aktiven Grottenpfleger erneuerten  die Anlage mit 7 Kubikmeter Mulch und die B\u00e4nke erhielten einen Neuanstrich. Vorsitzender G\u00fcnter Pilz dankte Agnes Winkler mit einem Blumenpr\u00e4sent f\u00fcr ihre langj\u00e4hrige Blumenpflege. Im Veranstaltungsjahr 2017 beginnen die Monatsandachten am 12. Mai erstmalig mit einer \u00f6kumenischen Maiandacht. Aus Anla\u00df des 10-j\u00e4hrigen Bestehens der neuen Grottenanlage wird Weihbischof Prof. Dr. Karlheinz Diez am 26. August den Festgottesdienst zelebrieren. Einen ausgeglichenen Kassenbericht gab Herwig Winkler, dem Kassenpr\u00fcferin Renate K\u00e4smann eine einwandfreie Kassenf\u00fchrung bescheinigte und der Vorstand wurde einstimmig entlastet. Bei den Vorstandswahlen wurden die bisherigen Vorstandsmitglieder ( G\u00fcnter Pilz, Vorsitzender, Herwig Winkler, Kassenwart und Rainer Spiegel, Schriftf\u00fchrer) einstimmig wiedergew\u00e4hlt.  Ebenso Renate K\u00e4smann,H\u00fcnhan und Gerhard K\u00f6rbel, Burghaun, als Beisitzer. Ferner Renate K\u00e4smann und Rudolf Kling als Kassenpr\u00fcfer. Mit einem Wort des Dankes an alle Mitglieder, Helfer und Spender und einem Schlu\u00dfgebet des Vorsitzenden, schloss die Jahreshauptversammlung. Der F\u00f6rderkreis hat 41 Mitglieder. <\/p>\n","protected":false},"excerpt":{"rendered":"<div class=\"tmnf_excerpt\"><p>Eine nicht nachlassende Teilnahme bei Andachten und Gottesdiensten an der H\u00fcnhaner Grotte, konnte Vorsitzender G\u00fcnter Pilz in seinem Jahresbericht anl\u00e4\u00dflich der Jahreshautpversammlung in der S\u00e4ngerburg verzeichnen. Rund 500 Besucher kamen zu acht Gottesdiensten und Andachten. \u00d6kumenische Maiandacht eingeplant. Mit einem Gemeinschaftsgottesdienst begann die Jahreshauptversammlung, zelebriert von Pfarrer Franz Hilfenhaus. H\u00f6hepunkt im Berichtsjahr 2016 war der &hellip;<\/p>\n<\/div>","protected":false},"author":1,"featured_media":0,"comment_status":"closed","ping_status":"closed","sticky":false,"template":"","format":"standard","meta":{"footnotes":""},"categories":[1],"tags":[],"class_list":["post-161227","post","type-post","status-publish","format-standard","hentry","category-startseite"],"_links":{"self":[{"href":"https:\/\/www.fuldaernachrichten.de\/index.php?rest_route=\/wp\/v2\/posts\/161227","targetHints":{"allow":["GET"]}}],"collection":[{"href":"https:\/\/www.fuldaernachrichten.de\/index.php?rest_route=\/wp\/v2\/posts"}],"about":[{"href":"https:\/\/www.fuldaernachrichten.de\/index.php?rest_route=\/wp\/v2\/types\/post"}],"author":[{"embeddable":true,"href":"https:\/\/www.fuldaernachrichten.de\/index.php?rest_route=\/wp\/v2\/users\/1"}],"replies":[{"embeddable":true,"href":"https:\/\/www.fuldaernachrichten.de\/index.php?rest_route=%2Fwp%2Fv2%2Fcomments&post=161227"}],"version-history":[{"count":1,"href":"https:\/\/www.fuldaernachrichten.de\/index.php?rest_route=\/wp\/v2\/posts\/161227\/revisions"}],"predecessor-version":[{"id":161237,"href":"https:\/\/www.fuldaernachrichten.de\/index.php?rest_route=\/wp\/v2\/posts\/161227\/revisions\/161237"}],"wp:attachment":[{"href":"https:\/\/www.fuldaernachrichten.de\/index.php?rest_route=%2Fwp%2Fv2%2Fmedia&parent=161227"}],"wp:term":[{"taxonomy":"category","embeddable":true,"href":"https:\/\/www.fuldaernachrichten.de\/index.php?rest_route=%2Fwp%2Fv2%2Fcategories&post=161227"},{"taxonomy":"post_tag","embeddable":true,"href":"https:\/\/www.fuldaernachrichten.de\/index.php?rest_route=%2Fwp%2Fv2%2Ftags&post=161227"}],"curies":[{"name":"wp","href":"https:\/\/api.w.org\/{rel}","templated":true}]}}