{"id":161222,"date":"2017-03-19T21:33:04","date_gmt":"2017-03-19T20:33:04","guid":{"rendered":"http:\/\/www.fuldaer-nachrichten.de\/?p=161222"},"modified":"2017-03-19T21:33:04","modified_gmt":"2017-03-19T20:33:04","slug":"mathematik-intensiv","status":"publish","type":"post","link":"https:\/\/www.fuldaernachrichten.de\/?p=161222","title":{"rendered":"Mathematik-Intensiv"},"content":{"rendered":"<p>In den Osterferien bietet die Volkshochschule des Landkreises Fulda einen Kurs zur Vorbereitung auf die Realschulabschlusspr\u00fcfung in Mathematik f\u00fcr Sch\u00fclerinnen und Sch\u00fcler  der 10. Klasse an. Der Schwerpunkt liegt auf der Wiederholung aller pr\u00fcfungsrelevanter<br \/>\nThemen. Beginn ist am Montag, 3. April, um 10 Uhr im Georg-Stieler-Haus, Gallasiniring 1, in Fulda. Infos und Anmeldung mit Kursnummer VO6080104 unter www.vhs-fulda.de oder Telefon (0661)6006-1600.<\/p>\n","protected":false},"excerpt":{"rendered":"<div class=\"tmnf_excerpt\"><p>In den Osterferien bietet die Volkshochschule des Landkreises Fulda einen Kurs zur Vorbereitung auf die Realschulabschlusspr\u00fcfung in Mathematik f\u00fcr Sch\u00fclerinnen und Sch\u00fcler der 10. Klasse an. Der Schwerpunkt liegt auf der Wiederholung aller pr\u00fcfungsrelevanter Themen. Beginn ist am Montag, 3. April, um 10 Uhr im Georg-Stieler-Haus, Gallasiniring 1, in Fulda. Infos und Anmeldung mit Kursnummer &hellip;<\/p>\n<\/div>","protected":false},"author":1,"featured_media":0,"comment_status":"closed","ping_status":"closed","sticky":false,"template":"","format":"standard","meta":{"footnotes":""},"categories":[1],"tags":[],"class_list":["post-161222","post","type-post","status-publish","format-standard","hentry","category-startseite"],"_links":{"self":[{"href":"https:\/\/www.fuldaernachrichten.de\/index.php?rest_route=\/wp\/v2\/posts\/161222","targetHints":{"allow":["GET"]}}],"collection":[{"href":"https:\/\/www.fuldaernachrichten.de\/index.php?rest_route=\/wp\/v2\/posts"}],"about":[{"href":"https:\/\/www.fuldaernachrichten.de\/index.php?rest_route=\/wp\/v2\/types\/post"}],"author":[{"embeddable":true,"href":"https:\/\/www.fuldaernachrichten.de\/index.php?rest_route=\/wp\/v2\/users\/1"}],"replies":[{"embeddable":true,"href":"https:\/\/www.fuldaernachrichten.de\/index.php?rest_route=%2Fwp%2Fv2%2Fcomments&post=161222"}],"version-history":[{"count":1,"href":"https:\/\/www.fuldaernachrichten.de\/index.php?rest_route=\/wp\/v2\/posts\/161222\/revisions"}],"predecessor-version":[{"id":161225,"href":"https:\/\/www.fuldaernachrichten.de\/index.php?rest_route=\/wp\/v2\/posts\/161222\/revisions\/161225"}],"wp:attachment":[{"href":"https:\/\/www.fuldaernachrichten.de\/index.php?rest_route=%2Fwp%2Fv2%2Fmedia&parent=161222"}],"wp:term":[{"taxonomy":"category","embeddable":true,"href":"https:\/\/www.fuldaernachrichten.de\/index.php?rest_route=%2Fwp%2Fv2%2Fcategories&post=161222"},{"taxonomy":"post_tag","embeddable":true,"href":"https:\/\/www.fuldaernachrichten.de\/index.php?rest_route=%2Fwp%2Fv2%2Ftags&post=161222"}],"curies":[{"name":"wp","href":"https:\/\/api.w.org\/{rel}","templated":true}]}}