{"id":161216,"date":"2017-03-19T21:33:58","date_gmt":"2017-03-19T20:33:58","guid":{"rendered":"http:\/\/www.fuldaer-nachrichten.de\/?p=161216"},"modified":"2017-03-19T21:33:58","modified_gmt":"2017-03-19T20:33:58","slug":"umweltministerin-dankt-beim-48-hessischen-imkertag-den-imkerinnen-und-imkern-fuer-ihr-engagement-und-ueberreicht-imkerpreis","status":"publish","type":"post","link":"https:\/\/www.fuldaernachrichten.de\/?p=161216","title":{"rendered":"Umweltministerin dankt beim 48. Hessischen Imkertag den Imkerinnen und Imkern f\u00fcr ihr Engagement und \u00fcberreicht Imkerpreis"},"content":{"rendered":"<p>\u201eImmer mehr Menschen in Hessen begeistern sich f\u00fcr die Imkerei. Ich freue mich \u00fcber dieses Engagement und danke den Imkerinnen und Imkern f\u00fcr ihre wertvolle Arbeit\u201c, sagte Umweltministerin Priska Hinz beim 48. Hessischen Imkertag in H\u00fcnfeld. Mittlerweile z\u00e4hlt der Hessische Imkerverband rund 10.000 Mitglieder, die 56.000 Bienenv\u00f6lker betreuen. 2010 waren es noch rund 7.400 Mitglieder und 48.000 Bienenv\u00f6lker. \u201eBesonders sch\u00f6n ist, dass auch die Zahl der Imkerinnen zunimmt\u201c, betonte die Ministerin.<\/p>\n<p>\u201eDie Bienen und damit die Imkerinnen und Imker sind f\u00fcr Landwirtschaft und Gartenbau, aber auch f\u00fcr den Naturschutz und die Erhaltung der Artenvielfalt unersetzlich. Dabei geht es nicht nur um die Produktion hochwertigen und naturreinen Honigs, sondern vor allem auch um die Best\u00e4ubungsleistung von Wild- und Honigbienen. Bei ihrem Flug von Bl\u00fcte zu Bl\u00fcte auf Nahrungssuche \u00fcbertragen sie die Bl\u00fctenpollen von einer Pflanze auf die andere und sorgen so f\u00fcr deren Befruchtung. \u00dcber 80 Prozent der Kultur- und Wildpflanzen sind auf diese Fremdbest\u00e4ubung angewiesen. Kurz gesagt: Bienen sind lebensnotwendig. Denn ohne Bienen und Co br\u00e4chten vor allem Obstb\u00e4ume und Gem\u00fcsepflanzen keine Fr\u00fcchte hervor, die wir ernten k\u00f6nnen\u201c, erkl\u00e4rte die Ministerin.<\/p>\n<p>\u201eDie guten Zahlen bei der Imkerei d\u00fcrfen uns deshalb nicht dar\u00fcber hinweg t\u00e4uschen, dass Bienen und andere best\u00e4ubende Insekten es vielerorts schwer haben, nach dem Fr\u00fchjahr ausreichend Nahrung zu finden\u201c, so Umweltministerin Priska Hinz. Sie werde daher Ende M\u00e4rz gemeinsam mit dem Hessischen Imkerverband, dem Bauernverband und weiteren Verb\u00e4nden eine landesweite Kampagne zur Verbesserung der Bedingungen f\u00fcr Bienen starten.<\/p>\n<p>Imkervereine ausgezeichnet<\/p>\n<p>Umweltministerin Priska Hinz \u00fcberreichte bei der Veranstaltung in H\u00fcnfeld den Hessischen Imkerpreis. Ausgezeichnet wurden drei Imkervereine: Der Bienenzuchtverein Bad Vilbel wurde f\u00fcr sein soziales Engagement geehrt. Er hat Musterg\u00e4rten angelegt, um das Nahrungsangebot f\u00fcr best\u00e4ubende Insekten zu verbessern und dabei Fl\u00fcchtlinge in die Arbeit integriert. Auch beim Bienenzuchtverein Haiger stand das soziale Engagement im Vordergrund. Er hat gemeinsam mit der Lebenshilfe Menschen mit Behinderung das Imkern n\u00e4her gebracht. Der Imkerverein im Rheingau wurde wegen besonderer Nachwuchsf\u00f6rderung ausgezeichnet. Der Verein hat einen neuen Lehrbienenstand errichtet, um die Lehrveranstaltungen zur Nachwuchsf\u00f6rderung effizienter zu gestalten. \u201eDer Imkerverein Rheingau konnte dieses tolle Projekt auch aus Mitteln der Umweltlotterie finanzieren \u2013 das ist eine gute Chance auch f\u00fcr andere Imkervereine\u201c, so die Ministerin. Sie gratulierte den Ausgezeichneten und sicherte den Imkerinnen und Imkern die Unterst\u00fctzung der Landesregierung zu. Zudem \u00fcberreichte sie 500 Euro Lotto Mittel f\u00fcr die Ausrichtung des Imkertags.<\/p>\n<p>F\u00fcr die F\u00f6rderung von Erzeugung und Vermarktung von Honig stellt das Land Hessen j\u00e4hrlich 105.000 Euro bereit, die mit weiteren 105.000 Euro der EU kofinanziert werden. Aus diesen Mitteln werden Projekte vom Landesverband Hessischer Imker e.V., dem Bieneninstitut Kirchhain und dem Bieneninstitut Oberursel gef\u00f6rdert.<\/p>\n","protected":false},"excerpt":{"rendered":"<div class=\"tmnf_excerpt\"><p>\u201eImmer mehr Menschen in Hessen begeistern sich f\u00fcr die Imkerei. Ich freue mich \u00fcber dieses Engagement und danke den Imkerinnen und Imkern f\u00fcr ihre wertvolle Arbeit\u201c, sagte Umweltministerin Priska Hinz beim 48. Hessischen Imkertag in H\u00fcnfeld. Mittlerweile z\u00e4hlt der Hessische Imkerverband rund 10.000 Mitglieder, die 56.000 Bienenv\u00f6lker betreuen. 2010 waren es noch rund 7.400 Mitglieder &hellip;<\/p>\n<\/div>","protected":false},"author":1,"featured_media":0,"comment_status":"closed","ping_status":"closed","sticky":false,"template":"","format":"standard","meta":{"footnotes":""},"categories":[1],"tags":[],"class_list":["post-161216","post","type-post","status-publish","format-standard","hentry","category-startseite"],"_links":{"self":[{"href":"https:\/\/www.fuldaernachrichten.de\/index.php?rest_route=\/wp\/v2\/posts\/161216","targetHints":{"allow":["GET"]}}],"collection":[{"href":"https:\/\/www.fuldaernachrichten.de\/index.php?rest_route=\/wp\/v2\/posts"}],"about":[{"href":"https:\/\/www.fuldaernachrichten.de\/index.php?rest_route=\/wp\/v2\/types\/post"}],"author":[{"embeddable":true,"href":"https:\/\/www.fuldaernachrichten.de\/index.php?rest_route=\/wp\/v2\/users\/1"}],"replies":[{"embeddable":true,"href":"https:\/\/www.fuldaernachrichten.de\/index.php?rest_route=%2Fwp%2Fv2%2Fcomments&post=161216"}],"version-history":[{"count":1,"href":"https:\/\/www.fuldaernachrichten.de\/index.php?rest_route=\/wp\/v2\/posts\/161216\/revisions"}],"predecessor-version":[{"id":161231,"href":"https:\/\/www.fuldaernachrichten.de\/index.php?rest_route=\/wp\/v2\/posts\/161216\/revisions\/161231"}],"wp:attachment":[{"href":"https:\/\/www.fuldaernachrichten.de\/index.php?rest_route=%2Fwp%2Fv2%2Fmedia&parent=161216"}],"wp:term":[{"taxonomy":"category","embeddable":true,"href":"https:\/\/www.fuldaernachrichten.de\/index.php?rest_route=%2Fwp%2Fv2%2Fcategories&post=161216"},{"taxonomy":"post_tag","embeddable":true,"href":"https:\/\/www.fuldaernachrichten.de\/index.php?rest_route=%2Fwp%2Fv2%2Ftags&post=161216"}],"curies":[{"name":"wp","href":"https:\/\/api.w.org\/{rel}","templated":true}]}}