{"id":161206,"date":"2017-03-19T21:30:49","date_gmt":"2017-03-19T20:30:49","guid":{"rendered":"http:\/\/www.fuldaer-nachrichten.de\/?p=161206"},"modified":"2017-03-19T21:30:49","modified_gmt":"2017-03-19T20:30:49","slug":"eduard-stieler-schule-und-kcl-schliessen-kooperationsvertrag","status":"publish","type":"post","link":"https:\/\/www.fuldaernachrichten.de\/?p=161206","title":{"rendered":"Eduard-Stieler-Schule und KCL schlie\u00dfen Kooperationsvertrag"},"content":{"rendered":"<p>Die Ausbildung zu Chemisch-Technischen Assistenten (CTA) ist eine zweij\u00e4hrige vollschulische Ausbildung, die die Eduard-Stieler-Schule bereits seit 1999 anbietet. Im Gegensatz zu dualen Ausbildungen findet diese Ausbildung, abgesehen von einem vierw\u00f6chigen Betriebspraktikum, komplett in der Schule statt. Durch den Kooperationsvertrag zwischen KCL und der Eduard-Stieler-Schule bekommen alle Auszubildenden zuk\u00fcnftig die M\u00f6glichkeit, einige Praktikumsstunden statt in der Schule im echten Arbeitsleben eines Industriebetriebs zu verbringen. <\/p>\n<p>KCL ist Teil des Konzerns Honeywell und produziert am Standort Eichenzell-Welkers Schutzhandschuhe, die als hochwertige Sicherheitsprodukte einer steten Qualit\u00e4tskontrolle im Betriebslabor des Unternehmens unterliegen.<\/p>\n<p>Die Kooperation sieht vor, dass die Auszubildenden jeweils in Vierergruppen einen Teil ihrer praktischen Ausbildung im Betriebslabor der Firma KCL im Industriegebiet in Welkers absolvieren. An zwei Nachmittagen werden sie dort in die Arbeit an und mit einem speziellen Analyseger\u00e4t, dem Gaschromatographen, eingewiesen. Dabei lernen die Auszubildenden nicht nur die Arbeitsweise dieses Ger\u00e4ts kennen, sondern auch Anwendungen innerhalb der Routineanalytik eines Indus\u00c2\u00actriebetriebs, der damit unter anderem L\u00f6semittelr\u00fcckst\u00e4nde untersucht. <\/p>\n<p>W\u00e4hrend die Sch\u00fclerinnen und Sch\u00fcler dabei Gelegenheit haben, sich mit modernsten Analysenger\u00e4ten vertraut zu machen und Eindr\u00fccke an einem potentiellen CTA-Arbeitsplatz sammeln k\u00f6nnen, hat KCL in Zeiten des Fachkr\u00e4ftemangels Gelegenheit, potenziell zuk\u00fcnftiges Laborpersonal in Augenschein zu nehmen. <\/p>\n<p>Die Kooperation wurde zwischen dem Laborleiter von KCL, Daniel Leipold, einem CTA-Absolventen der Eduard-Stieler-Schule, und der Koordinatorin f\u00fcr die CTA-Ausbildung an der Eduard-Stieler-Schule, Anette Lebeda, entwickelt. Bei der Unterzeichnung des Vertrags waren dar\u00fcber hinaus \u2013 neben einer Praktikantengruppe \u2013 auch der Betriebsleiter des KCL-Werk in Welkers, Steffen Kieslich, der Schulleiter der Eduard-Stieler-Schule, Dr. Rudolf Drexler, und die zust\u00e4ndige Abteilungsleiterin, Margit Goldstein, anwesend. <\/p>\n","protected":false},"excerpt":{"rendered":"<div class=\"tmnf_excerpt\"><p>Die Ausbildung zu Chemisch-Technischen Assistenten (CTA) ist eine zweij\u00e4hrige vollschulische Ausbildung, die die Eduard-Stieler-Schule bereits seit 1999 anbietet. Im Gegensatz zu dualen Ausbildungen findet diese Ausbildung, abgesehen von einem vierw\u00f6chigen Betriebspraktikum, komplett in der Schule statt. Durch den Kooperationsvertrag zwischen KCL und der Eduard-Stieler-Schule bekommen alle Auszubildenden zuk\u00fcnftig die M\u00f6glichkeit, einige Praktikumsstunden statt in der &hellip;<\/p>\n<\/div>","protected":false},"author":1,"featured_media":161219,"comment_status":"closed","ping_status":"closed","sticky":false,"template":"","format":"standard","meta":{"footnotes":""},"categories":[1],"tags":[],"class_list":["post-161206","post","type-post","status-publish","format-standard","has-post-thumbnail","hentry","category-startseite"],"_links":{"self":[{"href":"https:\/\/www.fuldaernachrichten.de\/index.php?rest_route=\/wp\/v2\/posts\/161206","targetHints":{"allow":["GET"]}}],"collection":[{"href":"https:\/\/www.fuldaernachrichten.de\/index.php?rest_route=\/wp\/v2\/posts"}],"about":[{"href":"https:\/\/www.fuldaernachrichten.de\/index.php?rest_route=\/wp\/v2\/types\/post"}],"author":[{"embeddable":true,"href":"https:\/\/www.fuldaernachrichten.de\/index.php?rest_route=\/wp\/v2\/users\/1"}],"replies":[{"embeddable":true,"href":"https:\/\/www.fuldaernachrichten.de\/index.php?rest_route=%2Fwp%2Fv2%2Fcomments&post=161206"}],"version-history":[{"count":1,"href":"https:\/\/www.fuldaernachrichten.de\/index.php?rest_route=\/wp\/v2\/posts\/161206\/revisions"}],"predecessor-version":[{"id":161220,"href":"https:\/\/www.fuldaernachrichten.de\/index.php?rest_route=\/wp\/v2\/posts\/161206\/revisions\/161220"}],"wp:featuredmedia":[{"embeddable":true,"href":"https:\/\/www.fuldaernachrichten.de\/index.php?rest_route=\/wp\/v2\/media\/161219"}],"wp:attachment":[{"href":"https:\/\/www.fuldaernachrichten.de\/index.php?rest_route=%2Fwp%2Fv2%2Fmedia&parent=161206"}],"wp:term":[{"taxonomy":"category","embeddable":true,"href":"https:\/\/www.fuldaernachrichten.de\/index.php?rest_route=%2Fwp%2Fv2%2Fcategories&post=161206"},{"taxonomy":"post_tag","embeddable":true,"href":"https:\/\/www.fuldaernachrichten.de\/index.php?rest_route=%2Fwp%2Fv2%2Ftags&post=161206"}],"curies":[{"name":"wp","href":"https:\/\/api.w.org\/{rel}","templated":true}]}}