{"id":161202,"date":"2017-03-19T21:32:13","date_gmt":"2017-03-19T20:32:13","guid":{"rendered":"http:\/\/www.fuldaer-nachrichten.de\/?p=161202"},"modified":"2017-03-19T21:33:22","modified_gmt":"2017-03-19T20:33:22","slug":"auftakt-zum-challengelauf-training-gemeinsam-unterwegs","status":"publish","type":"post","link":"https:\/\/www.fuldaernachrichten.de\/?p=161202","title":{"rendered":"Auftakt zum Challengelauf-Training: \u201eGemeinsam unterwegs\u201c"},"content":{"rendered":"<p>Jetzt hat die Kreuzkirche ihr Training f\u00fcr den Challengelauf 2017 begonnen. Samstags um 10.00 Uhr, montags und donnerstags um 18.00 Uhr treffen sich die laufbegeisterten Anf\u00e4nger, Wiedereinsteiger und regelm\u00e4\u00dfigen L\u00e4ufer unter Leitung des ehrenamtlichen Lauftrainers Hartmut Ruppenthal. Trainiert wurden heute sechsmal zwei Minuten Laufen, unterbrochen von eineinhalb Minuten z\u00fcgigem Gehen. Dieses Jahr existiert der Lauftreff der Kreuzkirche bereits das zehnte Jahr, treu dem Leitbild der Gemeinde: \u201eGemeinsam unterwegs.\u201c Willkommen sind weiterhin alle Interessierten, unabh\u00e4ngig von einer Kirchenmitgliedschaft.<\/p>\n<p>Foto (J\u00fcrgen D\u00fcrr): Die L\u00e4ufer an einem windigen Samstagmorgen mit (v.l. stehend Pfarrer Stefan B\u00fcrger, Trainer Hartmut Ruppenthal und einer der Co-Trainer Oliver Leinweber).<\/p>\n","protected":false},"excerpt":{"rendered":"<div class=\"tmnf_excerpt\"><p>Jetzt hat die Kreuzkirche ihr Training f\u00fcr den Challengelauf 2017 begonnen. Samstags um 10.00 Uhr, montags und donnerstags um 18.00 Uhr treffen sich die laufbegeisterten Anf\u00e4nger, Wiedereinsteiger und regelm\u00e4\u00dfigen L\u00e4ufer unter Leitung des ehrenamtlichen Lauftrainers Hartmut Ruppenthal. Trainiert wurden heute sechsmal zwei Minuten Laufen, unterbrochen von eineinhalb Minuten z\u00fcgigem Gehen. Dieses Jahr existiert der Lauftreff &hellip;<\/p>\n<\/div>","protected":false},"author":1,"featured_media":161226,"comment_status":"closed","ping_status":"closed","sticky":false,"template":"","format":"standard","meta":{"footnotes":""},"categories":[1],"tags":[],"class_list":["post-161202","post","type-post","status-publish","format-standard","has-post-thumbnail","hentry","category-startseite"],"_links":{"self":[{"href":"https:\/\/www.fuldaernachrichten.de\/index.php?rest_route=\/wp\/v2\/posts\/161202","targetHints":{"allow":["GET"]}}],"collection":[{"href":"https:\/\/www.fuldaernachrichten.de\/index.php?rest_route=\/wp\/v2\/posts"}],"about":[{"href":"https:\/\/www.fuldaernachrichten.de\/index.php?rest_route=\/wp\/v2\/types\/post"}],"author":[{"embeddable":true,"href":"https:\/\/www.fuldaernachrichten.de\/index.php?rest_route=\/wp\/v2\/users\/1"}],"replies":[{"embeddable":true,"href":"https:\/\/www.fuldaernachrichten.de\/index.php?rest_route=%2Fwp%2Fv2%2Fcomments&post=161202"}],"version-history":[{"count":1,"href":"https:\/\/www.fuldaernachrichten.de\/index.php?rest_route=\/wp\/v2\/posts\/161202\/revisions"}],"predecessor-version":[{"id":161223,"href":"https:\/\/www.fuldaernachrichten.de\/index.php?rest_route=\/wp\/v2\/posts\/161202\/revisions\/161223"}],"wp:featuredmedia":[{"embeddable":true,"href":"https:\/\/www.fuldaernachrichten.de\/index.php?rest_route=\/wp\/v2\/media\/161226"}],"wp:attachment":[{"href":"https:\/\/www.fuldaernachrichten.de\/index.php?rest_route=%2Fwp%2Fv2%2Fmedia&parent=161202"}],"wp:term":[{"taxonomy":"category","embeddable":true,"href":"https:\/\/www.fuldaernachrichten.de\/index.php?rest_route=%2Fwp%2Fv2%2Fcategories&post=161202"},{"taxonomy":"post_tag","embeddable":true,"href":"https:\/\/www.fuldaernachrichten.de\/index.php?rest_route=%2Fwp%2Fv2%2Ftags&post=161202"}],"curies":[{"name":"wp","href":"https:\/\/api.w.org\/{rel}","templated":true}]}}