{"id":161194,"date":"2017-03-19T21:28:37","date_gmt":"2017-03-19T20:28:37","guid":{"rendered":"http:\/\/www.fuldaer-nachrichten.de\/?p=161194"},"modified":"2017-03-19T21:28:37","modified_gmt":"2017-03-19T20:28:37","slug":"laeufer-der-lg-fulda-von-ob-und-buergermeister-verabschiedet","status":"publish","type":"post","link":"https:\/\/www.fuldaernachrichten.de\/?p=161194","title":{"rendered":"L\u00e4ufer der LG Fulda von OB und B\u00fcrgermeister verabschiedet"},"content":{"rendered":"<p>Jetzt hei\u00dft es Daumendr\u00fccken: Eine Gruppe von L\u00e4ufern der LG Fulda ist gestern nach Dokkum aufgebrochen, Fuldas Partnerstadt in den Niederlanden. Sie wollen dort an einem Halbmarathon beim &#8220;Bonifatius Loop&#8221; teilnehmen &#8211; und haben mit ihrem Spitzenl\u00e4ufer Ilyas Iman &#8211; dem vierfachen Hessenmeister &#8211; echte Chancen, vorne mitzumischen. <\/p>\n<p>Mit von der Partie sind auch zwei Fl\u00fcchtlinge aus \u00c4thiopien, die vor einem Jahr nach Fulda gekommen sind und in einem Integrationsprojekt von Sportcoach Bernd Jiptner bei der LG Fulda mittrainieren.<\/p>\n<p>Kurz der Abfahrt heute Nachmittag am Bonifatiusdenkmal in Fulda w\u00fcnschten Fuldas Oberb\u00fcrgermeister Dr. Heiko Wingenfeld und der Sportdezernent der Stadt, B\u00fcrgermeister Wehner, allen Teilnehmern viel Erfolg. Mit Blick auf die Zu-sammensetzung der insgesamt zw\u00f6lfk\u00f6pfigen Gruppe sprach Wingenfeld von \u201etollen Botschaftern Fuldas, die die Farben der Stadt in Dokkum sicher w\u00fcrdig vertreten werden\u201c. <\/p>\n","protected":false},"excerpt":{"rendered":"<div class=\"tmnf_excerpt\"><p>Jetzt hei\u00dft es Daumendr\u00fccken: Eine Gruppe von L\u00e4ufern der LG Fulda ist gestern nach Dokkum aufgebrochen, Fuldas Partnerstadt in den Niederlanden. Sie wollen dort an einem Halbmarathon beim &#8220;Bonifatius Loop&#8221; teilnehmen &#8211; und haben mit ihrem Spitzenl\u00e4ufer Ilyas Iman &#8211; dem vierfachen Hessenmeister &#8211; echte Chancen, vorne mitzumischen. Mit von der Partie sind auch zwei &hellip;<\/p>\n<\/div>","protected":false},"author":1,"featured_media":161209,"comment_status":"closed","ping_status":"closed","sticky":false,"template":"","format":"standard","meta":{"footnotes":""},"categories":[1],"tags":[],"class_list":["post-161194","post","type-post","status-publish","format-standard","has-post-thumbnail","hentry","category-startseite"],"_links":{"self":[{"href":"https:\/\/www.fuldaernachrichten.de\/index.php?rest_route=\/wp\/v2\/posts\/161194","targetHints":{"allow":["GET"]}}],"collection":[{"href":"https:\/\/www.fuldaernachrichten.de\/index.php?rest_route=\/wp\/v2\/posts"}],"about":[{"href":"https:\/\/www.fuldaernachrichten.de\/index.php?rest_route=\/wp\/v2\/types\/post"}],"author":[{"embeddable":true,"href":"https:\/\/www.fuldaernachrichten.de\/index.php?rest_route=\/wp\/v2\/users\/1"}],"replies":[{"embeddable":true,"href":"https:\/\/www.fuldaernachrichten.de\/index.php?rest_route=%2Fwp%2Fv2%2Fcomments&post=161194"}],"version-history":[{"count":1,"href":"https:\/\/www.fuldaernachrichten.de\/index.php?rest_route=\/wp\/v2\/posts\/161194\/revisions"}],"predecessor-version":[{"id":161213,"href":"https:\/\/www.fuldaernachrichten.de\/index.php?rest_route=\/wp\/v2\/posts\/161194\/revisions\/161213"}],"wp:featuredmedia":[{"embeddable":true,"href":"https:\/\/www.fuldaernachrichten.de\/index.php?rest_route=\/wp\/v2\/media\/161209"}],"wp:attachment":[{"href":"https:\/\/www.fuldaernachrichten.de\/index.php?rest_route=%2Fwp%2Fv2%2Fmedia&parent=161194"}],"wp:term":[{"taxonomy":"category","embeddable":true,"href":"https:\/\/www.fuldaernachrichten.de\/index.php?rest_route=%2Fwp%2Fv2%2Fcategories&post=161194"},{"taxonomy":"post_tag","embeddable":true,"href":"https:\/\/www.fuldaernachrichten.de\/index.php?rest_route=%2Fwp%2Fv2%2Ftags&post=161194"}],"curies":[{"name":"wp","href":"https:\/\/api.w.org\/{rel}","templated":true}]}}