{"id":161192,"date":"2017-03-19T21:27:20","date_gmt":"2017-03-19T20:27:20","guid":{"rendered":"http:\/\/www.fuldaer-nachrichten.de\/?p=161192"},"modified":"2017-03-19T21:27:20","modified_gmt":"2017-03-19T20:27:20","slug":"wandern-belebt-wirtschaft","status":"publish","type":"post","link":"https:\/\/www.fuldaernachrichten.de\/?p=161192","title":{"rendered":"Wandern belebt Wirtschaft"},"content":{"rendered":"<p>Wandern ist die beliebteste sportliche Aktivit\u00e4t von Deutschlandurlaubern aus dem Ausland. Das hat Christiane Wahl von der Deutschen Zentrale f\u00fcr Tourismus w\u00e4hrend des Fachforums Wandern berichtet. Weitere Themen in Berlin waren Wandern und Kulinarik, Griechenland als neue europ\u00e4ische Wanderdestination und das neue Kompetenzzentrum Wandern im Kreis Lippe. Auf besonders gro\u00dfes Interesse stie\u00df der Tag des Wanderns am 14. Mai.<\/p>\n<p>Dass das Wandern f\u00fcr den Tourismus in Europa immer wichtiger wird, beweisen nicht nur die \u00fcber 100 Teilnehmerinnen und Teilnehmer des vom Deutschen Wanderverband (DWV) in Kooperation mit der Deutschen Zentrale f\u00fcr Tourismus (DZT) im Rahmen der ITB am 10. M\u00e4rz organisierten Fachforums Wandern.  Die gestiegene Bedeutung spiegelt sich auch im Auslandsmarketing der DZT wider. Statt wie bisher in vier Sprachen stellt die DZT das Wandern in Deutschland auf der zentralen Internetplattform nun in acht Sprachen dar. Bedeutendste Quellm\u00e4rkte sind die Niederlande, Schweiz, Polen, Belgien und Frankreich. Die intensive Auslandsvermarktung erfolgt marktspezifisch mit Fokus auf Online- und Social Media-Aktivit\u00e4ten. Allein auf www.germany.travel\/wandern werden 50 Wanderwege \u2013 kategorisiert nach Zielgruppen wie Familien, Kulturinteressierte oder Genie\u00dfer \u00c2\u00ad\u2013 pr\u00e4sentiert. Damit habe die DZT darauf reagiert, dass gem\u00e4\u00df  aktueller Auswertungen des DZT-Qualit\u00e4tsmonitors heute 14 Prozent der ausl\u00e4ndischen G\u00e4ste w\u00e4hrend Ihres Deutschland-Urlaubs Wandern. Und somit das  Wandern \u2013 vor Radfahren und Schwimmen \u2013 weiterhin die beliebteste sportliche Aktivit\u00e4t von Deutschlandurlaubern darstellt.<\/p>\n<p>Auf die zunehmende Bedeutung des Wanderns f\u00fcr die regionale Wirtschaft regieren viele Regionen mit entsprechenden Angeboten. Der Kreis Lippe hat nun sogar ein Kompetenzzentrum Wandern gebaut. Das WALK \u2013 die Abk\u00fcrzung steht f\u00fcr Wandern, Austausch, Lernen, Kompetenz \u2013 liegt direkt am Qualit\u00e4tsweg \u201eWanderbares Deutschland\u201c Hermannsweg und b\u00fcndelt laut G\u00fcnter Weigel von der Tourismus &#038; Marketing GmbH die \u201eWanderkompetenz der Region\u201c. Das Zentrum diene dem Geodatenmanagement  und der Geoinformation ebenso wie dem Aufbau der Wanderinfrastruktur. Ganz praktisch k\u00fcmmere man sich im WALK dabei auch um die \u00dcberarbeitung und Neuauszeichnung bestehender Wanderwege inklusive eines Wanderwegekatasters. Eine der ersten \u00f6ffentlichkeitswirksamen Aktionen des WALK ist der \u201eE1|R1 Photo Award\u201c. Der internationale Fotowettbewerb f\u00fcr Amateur- und Profi-Fotografen r\u00fcckt die beiden Europ\u00e4ischen Fernwege E1 f\u00fcr Wanderer und R1 f\u00fcr Radwanderer, die sich unweit des WALK im Teutoburger Wald bei Detmold kreuzen, in den Blick. Unterst\u00fctzt wird der Wettbewerb  vom Deutschen Wanderverband und der Europ\u00e4ischen Wandervereinigung (EWV).<\/p>\n<p>\u00dcber das Trendthema Wandern und Kulinarik sprach DWV-Gesch\u00e4ftsf\u00fchrerin Ute Dicks in Berlin. Es werde beim Deutschen Wanderverband in diesem wie im kommenden Jahr einen Schwerpunkt bilden, so die Gesch\u00e4ftsf\u00fchrerin. Damit st\u00e4rke der Verband nicht nur die DZT-Themenkampagne \u201eKulinarik\u201c sondern auch regionale Wertsch\u00f6pfungsketten. Mitstreiter seien die bundesweit 1.600 Qualit\u00e4tsgastgeber \u201eWanderbares Deutschland\u201c. Schon am kommenden Tag des Wanderns am 14. Mai, den der Wanderverband  dank seines Hauptsponsors, der Sparkassen-Finanzgruppe, sowie weiterer Partner bundesweit veranstaltet, werde \u201eregionaler Genuss\u201c fest verankert sein. <\/p>\n<p>Am Tag des Wanderns, f\u00fcr den in diesem Jahr Baden-W\u00fcrttembergs Ministerpr\u00e4sident Winfried Kretschmann die Schirmherrschaft \u00fcbernommen hat, zeigen Wandervereine, Naturparks, Gemeinden, Hotelier und Outdoor-Gesch\u00e4fte mit eigenen Veranstaltungen, wie vielf\u00e4ltig das Wandern in Deutschland ist. Dass solch ein Tag auch in anderen L\u00e4ndern auf gro\u00dfes Interesse st\u00f6\u00dft, beweisen Anfragen etwa aus Tschechien, sich mit eigenen Veranstaltungen am 14. Mai zu beteiligen, berichtete Dicks:  \u201eWas als Tag des Wanderns in Deutschland begonnen hat, kann so vielleicht zum internationalen Tag des Wanderns werden.\u201c<\/p>\n<p>Lefteris Fafalis aus Griechenland h\u00e4tte sicher nichts dagegen. Der Wanderwegekoordinator aus der Gemeinde Metsovo  sprach w\u00e4hrend des Wanderforums \u00fcber die zunehmende Bedeutung des Wanderns auch f\u00fcr die Wirtschaft in Griechenland. Mit dem Ursa Trail im Nordwesten des Landes sei gerade der dritte Wanderweg in Griechenland als  europ\u00e4ischer Qualit\u00e4tsweg, als \u201eLeading Quality Trail \u2013 Best of Europe&#8221;, zertifiziert worden. Initialz\u00fcndung der griechischen Qualit\u00e4tsoffensive sei eine Veranstaltung der Deutsch Griechischen Versammlung (DGV) gewesen. Nach dem Ursa-Trail werde nun schon an einem weiteren Weg gearbeitet, der die gesamte Region Epirus erschlie\u00dfen soll.<\/p>\n<p>Einen \u00dcberblich \u00fcber alle europ\u00e4ischen Qualit\u00e4tswege bietet eine Brosch\u00fcre, die dem in Berlin ebenfalls vorgestellten neuen Magazin Wanderbares Deutschland 2017 beigelegt ist.<\/p>\n","protected":false},"excerpt":{"rendered":"<div class=\"tmnf_excerpt\"><p>Wandern ist die beliebteste sportliche Aktivit\u00e4t von Deutschlandurlaubern aus dem Ausland. Das hat Christiane Wahl von der Deutschen Zentrale f\u00fcr Tourismus w\u00e4hrend des Fachforums Wandern berichtet. Weitere Themen in Berlin waren Wandern und Kulinarik, Griechenland als neue europ\u00e4ische Wanderdestination und das neue Kompetenzzentrum Wandern im Kreis Lippe. Auf besonders gro\u00dfes Interesse stie\u00df der Tag des &hellip;<\/p>\n<\/div>","protected":false},"author":1,"featured_media":0,"comment_status":"closed","ping_status":"closed","sticky":false,"template":"","format":"standard","meta":{"footnotes":""},"categories":[1],"tags":[],"class_list":["post-161192","post","type-post","status-publish","format-standard","hentry","category-startseite"],"_links":{"self":[{"href":"https:\/\/www.fuldaernachrichten.de\/index.php?rest_route=\/wp\/v2\/posts\/161192","targetHints":{"allow":["GET"]}}],"collection":[{"href":"https:\/\/www.fuldaernachrichten.de\/index.php?rest_route=\/wp\/v2\/posts"}],"about":[{"href":"https:\/\/www.fuldaernachrichten.de\/index.php?rest_route=\/wp\/v2\/types\/post"}],"author":[{"embeddable":true,"href":"https:\/\/www.fuldaernachrichten.de\/index.php?rest_route=\/wp\/v2\/users\/1"}],"replies":[{"embeddable":true,"href":"https:\/\/www.fuldaernachrichten.de\/index.php?rest_route=%2Fwp%2Fv2%2Fcomments&post=161192"}],"version-history":[{"count":1,"href":"https:\/\/www.fuldaernachrichten.de\/index.php?rest_route=\/wp\/v2\/posts\/161192\/revisions"}],"predecessor-version":[{"id":161210,"href":"https:\/\/www.fuldaernachrichten.de\/index.php?rest_route=\/wp\/v2\/posts\/161192\/revisions\/161210"}],"wp:attachment":[{"href":"https:\/\/www.fuldaernachrichten.de\/index.php?rest_route=%2Fwp%2Fv2%2Fmedia&parent=161192"}],"wp:term":[{"taxonomy":"category","embeddable":true,"href":"https:\/\/www.fuldaernachrichten.de\/index.php?rest_route=%2Fwp%2Fv2%2Fcategories&post=161192"},{"taxonomy":"post_tag","embeddable":true,"href":"https:\/\/www.fuldaernachrichten.de\/index.php?rest_route=%2Fwp%2Fv2%2Ftags&post=161192"}],"curies":[{"name":"wp","href":"https:\/\/api.w.org\/{rel}","templated":true}]}}