{"id":161184,"date":"2017-03-19T21:31:21","date_gmt":"2017-03-19T20:31:21","guid":{"rendered":"http:\/\/www.fuldaer-nachrichten.de\/?p=161184"},"modified":"2017-03-19T21:31:21","modified_gmt":"2017-03-19T20:31:21","slug":"bistum-fulda-verleiht-preis-fuer-solidaritaet-an-projekte-der-fluechtlingshilfe","status":"publish","type":"post","link":"https:\/\/www.fuldaernachrichten.de\/?p=161184","title":{"rendered":"Bistum Fulda verleiht \u201ePreis f\u00fcr Solidarit\u00e4t\u201c an Projekte der Fl\u00fcchtlingshilfe"},"content":{"rendered":"<p>Das Bistum Fulda hat im Rahmen eines Festaktes sechs Projekte aus Pfarrgemeinden und Verb\u00e4nden f\u00fcr herausragendes Engagement in der Fl\u00fcchtlingshilfe mit dem \u201ePreis f\u00fcr Solidarit\u00e4t\u201c ausgezeichnet. Die Urkunden wurden den Preistr\u00e4gern von Generalvikar Prof. Dr. Gerhard Stanke am Freitag im Auditorium maximum der Theologischen Fakult\u00e4t in Fulda \u00fcberreicht.<\/p>\n<p>Die Preisverleihung begann mit einem Festgottesdienst in der Seminarkapelle des Bisch\u00f6flichen Priesterseminars. In seiner Predigt erinnerte der Generalvikar daran, dass Solidarit\u00e4t auch die Be-reitschaft beinhaltet neue Wege zu gehen. \u201eIn all dem kommt zum Ausdruck, was man von dem anderen denkt und ihn dabei sp\u00fcren l\u00e4sst, dass es einem um ihn und um sein Wohl geht. Daf\u00fcr wa-ren und sind Sie bereit, eigenes zur\u00fcckzustellen, um dadurch f\u00fcr andere da zu sein, frei zu sein f\u00fcr die Hilfe f\u00fcr andere\u201c, w\u00fcrdigte der Generalvikar die Geehrten. \u201eSolidarit\u00e4t denkt vom anderen her, von dem, der jetzt Hilfe braucht, und bleibt nicht bei dem h\u00e4ngen, was man zun\u00e4chst geplant hat.\u201c<\/p>\n<p>Das Impulsreferat zum Thema \u201eWider dem R\u00fcckzug\u201c hielt Prof. Dr. Richard Hartmann im Beisein der Preistr\u00e4ger und \u00fcber 100 G\u00e4sten aus Kirche und Gesellschaft. Dr. Hartmann erinnerte daran, dass sich solidarisches Handeln in der Art und Weise zeigt, wie die Menschen die N\u00e4chstenliebe leben.<br \/>\nDer Fl\u00fcchtlingsbeauftragte des Bistums, Diakon Franz Meyer, begr\u00fc\u00dfte die Ehreng\u00e4ste und dankte den Ausgezeichneten f\u00fcr ihr Kommen und deren Engagement. In Zeiten der \u201eEntsolidarisierung\u201c warnte er vor einer zunehmenden Spaltung der Gesellschaft. <\/p>\n<p>In ihrer Laudatio f\u00fcr die Preistr\u00e4ger w\u00fcrdigten Dr. Andreas Ruffing und Steffen Jahn die sechs aus-gezeichneten Projekte im Einzelnen:<br \/>\n&#8211;\tDie Katholische Kirchengemeinde Heilige Dreifaltigkeit Pilgerzell mit dem Hauptpreis als bestes Gesamtprojekt f\u00fcr ihr herausragende Engagement als Pfarrgemeinde mit einer Vielzahl von ehrenamtlich organisierten Projekten und Initiativen. Die Pfarrei organisierte in wenigen Monaten u.a. eine Frauengruppe, eine Hausaufgabenbetreuung f\u00fcr Schulkinder, einen M\u00e4nnertreff, B\u00fccherstunden und ein Basteltreff f\u00fcr Kinder.<br \/>\n&#8211;\tDen Caritasverband Nordhessen-Kassel e.V. mit dem Projekt \u201eSo k\u00f6nnen wir das schaf-fen!\u201c f\u00fcr die vorbildliche kommunale Netzwerkarbeit und die Koordination der Fl\u00fcchtlings-arbeit in der Region Kassel.<br \/>\n&#8211;\tDie Katholische Kirchengemeinde St. Jakobus Hanau-Gro\u00dfauheim mit dem Projekt \u201eBegegnungscaf\u00e9 OASE\u201c f\u00fcr die beeindruckende Koordination und Zusammenarbeit ver-schiedener Tr\u00e4ger in einem regionalen Netzwerk.<br \/>\n&#8211;\tDen C\u00f6lber Arbeitskreis Fl\u00fcchtlinge e.V. und der Katholische Kirchengemeinde St. Maria K\u00f6nigin in Marburg-C\u00f6lbe f\u00fcr das au\u00dferordentliche ehrenamtliche Engagement der \u00fcber 80 Helferinnen und Helfern in unterschiedlichen Projektbereichen, von der Kleider-kammer bis zu einem Begegnungsgarten.<br \/>\n&#8211;\tDem Caritasverband Main-Kinzig-Kreis e.V. mit dem Projekt \u201eFl\u00fcchtlingsbegleitung in der Gemeinde Freigericht\u201c f\u00fcr die vorbildhafte Strukturierung und Koordination der ehren-amtlichen Arbeit in der Gemeinde Freigericht.<br \/>\n&#8211;\tDer Katholischen Jungen Gemeinde (KjG) Bad Orb mit dem Projekt \u201eZeltlager f\u00fcr Fl\u00fcchtlingskinder\u201c f\u00fcr eine musterg\u00fcltige und unkomplizierte Integration von jugendlichen Gefl\u00fcchteten in deren Ferienfreizeit im Sommer 2016.<br \/>\nW\u00e4hrend der Preisverleihung nutzten die Geehrten die Gelegenheit ihre ausgezeichneten Projekte vorzustellen und den interessierten G\u00e4sten zu erl\u00e4utern. Die Moderatoren Jahn und Ruffing dankten den Mitwirkenden f\u00fcr ihr Engagement sowie der Theologischen Fakult\u00e4t und dem Bisch\u00f6flichen Priesterseminar f\u00fcr die Unterst\u00fctzung und luden alle Anwesenden im Anschluss zu einem Imbiss im Foyer der Theologischen Fakult\u00e4t ein.<\/p>\n<p>Der Festakt wurde musikalisch umrahmt von der Band der Caritas-Jugendhilfe-Einrichtung f\u00fcr Unbegleitete minderj\u00e4hrige Ausl\u00e4nder (UMA) aus K\u00fcnzell-Dietershausen unter der Leitung von Tristan Wolffram und Daniel Scheibelhut. <\/p>\n","protected":false},"excerpt":{"rendered":"<div class=\"tmnf_excerpt\"><p>Das Bistum Fulda hat im Rahmen eines Festaktes sechs Projekte aus Pfarrgemeinden und Verb\u00e4nden f\u00fcr herausragendes Engagement in der Fl\u00fcchtlingshilfe mit dem \u201ePreis f\u00fcr Solidarit\u00e4t\u201c ausgezeichnet. Die Urkunden wurden den Preistr\u00e4gern von Generalvikar Prof. Dr. Gerhard Stanke am Freitag im Auditorium maximum der Theologischen Fakult\u00e4t in Fulda \u00fcberreicht. Die Preisverleihung begann mit einem Festgottesdienst in &hellip;<\/p>\n<\/div>","protected":false},"author":1,"featured_media":161199,"comment_status":"closed","ping_status":"closed","sticky":false,"template":"","format":"gallery","meta":{"footnotes":""},"categories":[1],"tags":[],"class_list":["post-161184","post","type-post","status-publish","format-gallery","has-post-thumbnail","hentry","category-startseite","post_format-post-format-gallery"],"_links":{"self":[{"href":"https:\/\/www.fuldaernachrichten.de\/index.php?rest_route=\/wp\/v2\/posts\/161184","targetHints":{"allow":["GET"]}}],"collection":[{"href":"https:\/\/www.fuldaernachrichten.de\/index.php?rest_route=\/wp\/v2\/posts"}],"about":[{"href":"https:\/\/www.fuldaernachrichten.de\/index.php?rest_route=\/wp\/v2\/types\/post"}],"author":[{"embeddable":true,"href":"https:\/\/www.fuldaernachrichten.de\/index.php?rest_route=\/wp\/v2\/users\/1"}],"replies":[{"embeddable":true,"href":"https:\/\/www.fuldaernachrichten.de\/index.php?rest_route=%2Fwp%2Fv2%2Fcomments&post=161184"}],"version-history":[{"count":1,"href":"https:\/\/www.fuldaernachrichten.de\/index.php?rest_route=\/wp\/v2\/posts\/161184\/revisions"}],"predecessor-version":[{"id":161221,"href":"https:\/\/www.fuldaernachrichten.de\/index.php?rest_route=\/wp\/v2\/posts\/161184\/revisions\/161221"}],"wp:featuredmedia":[{"embeddable":true,"href":"https:\/\/www.fuldaernachrichten.de\/index.php?rest_route=\/wp\/v2\/media\/161199"}],"wp:attachment":[{"href":"https:\/\/www.fuldaernachrichten.de\/index.php?rest_route=%2Fwp%2Fv2%2Fmedia&parent=161184"}],"wp:term":[{"taxonomy":"category","embeddable":true,"href":"https:\/\/www.fuldaernachrichten.de\/index.php?rest_route=%2Fwp%2Fv2%2Fcategories&post=161184"},{"taxonomy":"post_tag","embeddable":true,"href":"https:\/\/www.fuldaernachrichten.de\/index.php?rest_route=%2Fwp%2Fv2%2Ftags&post=161184"}],"curies":[{"name":"wp","href":"https:\/\/api.w.org\/{rel}","templated":true}]}}