{"id":161183,"date":"2017-03-19T21:18:03","date_gmt":"2017-03-19T20:18:03","guid":{"rendered":"http:\/\/www.fuldaer-nachrichten.de\/?p=161183"},"modified":"2017-03-19T21:18:03","modified_gmt":"2017-03-19T20:18:03","slug":"acht-neue-malteser-schulsanitaeter-an-der-eduard-stieler-schule-ernannt","status":"publish","type":"post","link":"https:\/\/www.fuldaernachrichten.de\/?p=161183","title":{"rendered":"Acht neue Malteser-Schulsanit\u00e4ter an der Eduard-Stieler-Schule ernannt"},"content":{"rendered":"<p>Die Eduard-Stieler-Schule macht ihrem Namen als  \u201eGesundheitsschule\u201c alle Ehre: Acht neue Schulsanit\u00e4ter sind jetzt in ihren Dienst berufen worden. Damit verf\u00fcgt die Schule \u00fcber 24 ausgebildete Sch\u00fcler, die zusammen mit einer Lehrercrew die Erstversorgung bei Notf\u00e4llen sicherstellen.<br \/>\nWie wichtig die Schulsanit\u00e4ter sind, unterstrich Schulleiter Dr. Rudolf Drexler. \u201eJede Woche gibt es zwei bis drei Eins\u00e4tze\u201c, erkl\u00e4rte er und ist froh, dass durch die ausgebildeten Helfer  \u201edas eine oder andere gesundheitliche Problem klein bleibt und vor Ort behandelt werden kann. Und wenn es gro\u00df wird, wissen die Malteser-Schulsanit\u00e4ter, wie man weiter vorgehen muss.\u201c Der Schulleiter dankte den Jugendlichen f\u00fcr ihren Einsatz und den Ausbildern der Malteser, die die Schulungen durchgef\u00fchrt hatten. Die Koordinatorin f\u00fcr den Schulsanit\u00e4tsdienst, Dr. Eva-Maria G\u00fcrke, hatte f\u00fcr die \u201eNeuen\u201c als Dankesch\u00f6n f\u00fcr ihr Engagement eine Rose parat. Sie lud die frischgebackenen Schulsanit\u00e4ter ein, jetzt zum regelm\u00e4\u00dfigen \u201eSanitreffen\u201c freitags in der gro\u00dfen Pause dazu zu kommen. Sie wies noch auf eine Besonderheit des Schulsanit\u00e4tsdienstes der Eduard-Stieler-Schule hin: am Dienst, der seit 2012 an der Schule existiert, beteiligen sich auch \u00c4rzte bzw. Pflegekr\u00e4fte im Lehrerkollegium. <\/p>\n<p>Ein Dank an die jungen Leute kam auch von der Di\u00f6zesanreferentin der Malteser f\u00fcr den Schulsanit\u00e4tsdienst, Brigitta Br\u00e4hler-Fischer, \u201edass ihr bereit seid, anderen zu helfen\u201c. Ebenso dankte sie dem Schulleiter, der das Projekt Schulsanit\u00e4ter unterst\u00fctzt, und Dr. Eva-Maria G\u00fcrke als \u201egute Seele\u201c des Schulsanit\u00e4tsdienstes. Neben den Ernennungs-Urkunden \u00fcberreichte sie Jennifer Auth, Karolin B\u00f6hm, Nikola Crijc, Isabelle Eickhoff, Vanessa Kl\u00fcber, Jana Thiel, Teresa Schr\u00f6ter und Felix Zywietz  ein Beatmungstuch. Sie wies darauf hin, dass die Ausbildung der Schulsanit\u00e4ter in ganz Fulda von der VR Genossenschaftsbank unterst\u00fctzt wird. Genossenschaftsbank-Mitarbeiterin Carina Sauerwein lobte den selbstlosen Einsatz der Sch\u00fcler, die mit dem Schulsanit\u00e4tsdienst der Leitidee ihres Instituts \u201eHilfe zur Selbsthilfe\u201c folgten. Pauline Oestreich vom Malteser-Ausbilderteam lud die neuen Schulsanit\u00e4ter zum regelm\u00e4\u00dfigen Treffen der SSD-Gruppe Fulda ein. <\/p>\n","protected":false},"excerpt":{"rendered":"<div class=\"tmnf_excerpt\"><p>Die Eduard-Stieler-Schule macht ihrem Namen als \u201eGesundheitsschule\u201c alle Ehre: Acht neue Schulsanit\u00e4ter sind jetzt in ihren Dienst berufen worden. Damit verf\u00fcgt die Schule \u00fcber 24 ausgebildete Sch\u00fcler, die zusammen mit einer Lehrercrew die Erstversorgung bei Notf\u00e4llen sicherstellen. Wie wichtig die Schulsanit\u00e4ter sind, unterstrich Schulleiter Dr. Rudolf Drexler. \u201eJede Woche gibt es zwei bis drei Eins\u00e4tze\u201c, &hellip;<\/p>\n<\/div>","protected":false},"author":1,"featured_media":161185,"comment_status":"closed","ping_status":"closed","sticky":false,"template":"","format":"standard","meta":{"footnotes":""},"categories":[1],"tags":[],"class_list":["post-161183","post","type-post","status-publish","format-standard","has-post-thumbnail","hentry","category-startseite"],"_links":{"self":[{"href":"https:\/\/www.fuldaernachrichten.de\/index.php?rest_route=\/wp\/v2\/posts\/161183","targetHints":{"allow":["GET"]}}],"collection":[{"href":"https:\/\/www.fuldaernachrichten.de\/index.php?rest_route=\/wp\/v2\/posts"}],"about":[{"href":"https:\/\/www.fuldaernachrichten.de\/index.php?rest_route=\/wp\/v2\/types\/post"}],"author":[{"embeddable":true,"href":"https:\/\/www.fuldaernachrichten.de\/index.php?rest_route=\/wp\/v2\/users\/1"}],"replies":[{"embeddable":true,"href":"https:\/\/www.fuldaernachrichten.de\/index.php?rest_route=%2Fwp%2Fv2%2Fcomments&post=161183"}],"version-history":[{"count":1,"href":"https:\/\/www.fuldaernachrichten.de\/index.php?rest_route=\/wp\/v2\/posts\/161183\/revisions"}],"predecessor-version":[{"id":161186,"href":"https:\/\/www.fuldaernachrichten.de\/index.php?rest_route=\/wp\/v2\/posts\/161183\/revisions\/161186"}],"wp:featuredmedia":[{"embeddable":true,"href":"https:\/\/www.fuldaernachrichten.de\/index.php?rest_route=\/wp\/v2\/media\/161185"}],"wp:attachment":[{"href":"https:\/\/www.fuldaernachrichten.de\/index.php?rest_route=%2Fwp%2Fv2%2Fmedia&parent=161183"}],"wp:term":[{"taxonomy":"category","embeddable":true,"href":"https:\/\/www.fuldaernachrichten.de\/index.php?rest_route=%2Fwp%2Fv2%2Fcategories&post=161183"},{"taxonomy":"post_tag","embeddable":true,"href":"https:\/\/www.fuldaernachrichten.de\/index.php?rest_route=%2Fwp%2Fv2%2Ftags&post=161183"}],"curies":[{"name":"wp","href":"https:\/\/api.w.org\/{rel}","templated":true}]}}