{"id":161173,"date":"2017-03-19T21:13:33","date_gmt":"2017-03-19T20:13:33","guid":{"rendered":"http:\/\/www.fuldaer-nachrichten.de\/?p=161173"},"modified":"2017-03-19T21:13:33","modified_gmt":"2017-03-19T20:13:33","slug":"equal-pay-day-der-hessische-lohnatlas-macht-lohnunterschied-zwischen-den-geschlechtern-transparent","status":"publish","type":"post","link":"https:\/\/www.fuldaernachrichten.de\/?p=161173","title":{"rendered":"Equal Pay Day: Der Hessische Lohnatlas macht Lohnunterschied zwischen den Geschlechtern transparent"},"content":{"rendered":"<p>Am Equal Pay Day am 18.03.2017 fordern die GR\u00dcNEN mehr Fairness und Wertsch\u00e4tzung f\u00fcr Frauen im Beruf und bei der Honorierung ihrer Arbeit. Frauen arbeiten rechnerisch derzeit durchschnittlich 77 Tage im Jahr ohne Lohn.<\/p>\n<p>Der hessische Lohnatlas, den das Institut f\u00fcr Wirtschaft, Arbeit und Kultur der Goethe-Universit\u00e4t im Auftrag der Landesregierung erstellt hat, will diese Lohnunterschiede zwischen den Geschlechtern transparent machen. Im Vergleich von Frauen und M\u00e4nnern, die beide in Vollzeit sozialversicherungspflichtig besch\u00e4ftigt sind, verdienten Frauen in Hessen 2015 durchschnittlich 14 Prozent weniger, im Bundesdurchschnitt waren es sogar 17 Prozent. Verschieden Studien zeigen zudem, dass in Ballungszentren die Lohnungleichheit geringer ist als im l\u00e4ndlichen Raum.<\/p>\n<p>\u201eOft bieten gr\u00f6\u00dfere Unternehmen in den St\u00e4dten bessere Aufstiegschancen an. Daher ist es besonders wichtig, die Wirtschaft l\u00e4ndlichen Raum zu st\u00e4rken, damit auch in kleineren und mittelst\u00e4ndischen Betrieben attraktive F\u00fchrungspositionen f\u00fcr Frauen geschaffen werden. F\u00fchrung in Teilzeit sollte zu einer Selbstverst\u00e4ndlichkeit werden\u201c, betont die GR\u00dcNE Landtagsabgeordnete und Sprecherin f\u00fcr den l\u00e4ndlichen Raum, Eva Goldbach.<\/p>\n<p>Neben dem Hessischen Lohnatlas ist ein Dialog der Sozialpartner geplant. Zum Gesamtpaket geh\u00f6rt dar\u00fcber hinaus, Unterst\u00fctzungsma\u00dfnahmen vor Ort zu verbessern, beispielsweise in der Kinderbetreuung und der Pflege von Angeh\u00f6rigen. Das Sozialministerium f\u00f6rdert u.a. mit dem Netzwerk \u00e2\u20ac\u0161Wiedereinstieg\u00e2\u20ac\u02dc, einem Verbund von elf Tr\u00e4gern, den beruflichen Wiedereinstieg von Frauen in den Arbeitsmarkt.<\/p>\n<p>Eva Goldbach ermutigt Frauen, weiterhin f\u00fcr geschlechtergerechte Bezahlung zu k\u00e4mpfen. Bereits in der Phase der Berufsorientierung sollten sich M\u00e4dchen und junge Frauen zielgerichtet daran orientieren, dass sie m\u00f6glichst gut ins Erwerbsleben eintreten und einen gerechten Lohn erhalten k\u00f6nnen.<\/p>\n","protected":false},"excerpt":{"rendered":"<div class=\"tmnf_excerpt\"><p>Am Equal Pay Day am 18.03.2017 fordern die GR\u00dcNEN mehr Fairness und Wertsch\u00e4tzung f\u00fcr Frauen im Beruf und bei der Honorierung ihrer Arbeit. Frauen arbeiten rechnerisch derzeit durchschnittlich 77 Tage im Jahr ohne Lohn. Der hessische Lohnatlas, den das Institut f\u00fcr Wirtschaft, Arbeit und Kultur der Goethe-Universit\u00e4t im Auftrag der Landesregierung erstellt hat, will diese &hellip;<\/p>\n<\/div>","protected":false},"author":1,"featured_media":0,"comment_status":"closed","ping_status":"closed","sticky":false,"template":"","format":"standard","meta":{"footnotes":""},"categories":[1],"tags":[],"class_list":["post-161173","post","type-post","status-publish","format-standard","hentry","category-startseite"],"_links":{"self":[{"href":"https:\/\/www.fuldaernachrichten.de\/index.php?rest_route=\/wp\/v2\/posts\/161173","targetHints":{"allow":["GET"]}}],"collection":[{"href":"https:\/\/www.fuldaernachrichten.de\/index.php?rest_route=\/wp\/v2\/posts"}],"about":[{"href":"https:\/\/www.fuldaernachrichten.de\/index.php?rest_route=\/wp\/v2\/types\/post"}],"author":[{"embeddable":true,"href":"https:\/\/www.fuldaernachrichten.de\/index.php?rest_route=\/wp\/v2\/users\/1"}],"replies":[{"embeddable":true,"href":"https:\/\/www.fuldaernachrichten.de\/index.php?rest_route=%2Fwp%2Fv2%2Fcomments&post=161173"}],"version-history":[{"count":1,"href":"https:\/\/www.fuldaernachrichten.de\/index.php?rest_route=\/wp\/v2\/posts\/161173\/revisions"}],"predecessor-version":[{"id":161175,"href":"https:\/\/www.fuldaernachrichten.de\/index.php?rest_route=\/wp\/v2\/posts\/161173\/revisions\/161175"}],"wp:attachment":[{"href":"https:\/\/www.fuldaernachrichten.de\/index.php?rest_route=%2Fwp%2Fv2%2Fmedia&parent=161173"}],"wp:term":[{"taxonomy":"category","embeddable":true,"href":"https:\/\/www.fuldaernachrichten.de\/index.php?rest_route=%2Fwp%2Fv2%2Fcategories&post=161173"},{"taxonomy":"post_tag","embeddable":true,"href":"https:\/\/www.fuldaernachrichten.de\/index.php?rest_route=%2Fwp%2Fv2%2Ftags&post=161173"}],"curies":[{"name":"wp","href":"https:\/\/api.w.org\/{rel}","templated":true}]}}