{"id":161170,"date":"2017-03-19T21:16:46","date_gmt":"2017-03-19T20:16:46","guid":{"rendered":"http:\/\/www.fuldaer-nachrichten.de\/?p=161170"},"modified":"2017-03-19T21:16:46","modified_gmt":"2017-03-19T20:16:46","slug":"neuer-bewohnertreffpunkt-am-jagdstein-vorgestellt","status":"publish","type":"post","link":"https:\/\/www.fuldaernachrichten.de\/?p=161170","title":{"rendered":"Neuer Bewohnertreffpunkt am Jagdstein vorgestellt"},"content":{"rendered":"<p><a href=\"http:\/\/www.fuldaer-nachrichten.de\/wp-content\/uploads\/2017\/03\/cj0058.jpg\"><img decoding=\"async\" src=\"http:\/\/www.fuldaer-nachrichten.de\/wp-content\/uploads\/2017\/03\/cj0058-265x177.jpg\" alt=\"\" width=\"265\" height=\"177\" class=\"alignleft size-thumbnail wp-image-161181\" srcset=\"https:\/\/www.fuldaernachrichten.de\/wp-content\/uploads\/2017\/03\/cj0058-265x177.jpg 265w, https:\/\/www.fuldaernachrichten.de\/wp-content\/uploads\/2017\/03\/cj0058-768x512.jpg 768w, https:\/\/www.fuldaernachrichten.de\/wp-content\/uploads\/2017\/03\/cj0058-600x400.jpg 600w, https:\/\/www.fuldaernachrichten.de\/wp-content\/uploads\/2017\/03\/cj0058.jpg 900w\" sizes=\"(max-width: 265px) 100vw, 265px\" \/><\/a>Nur noch wenige Stehpl\u00e4tze waren frei, als Fuldas B\u00fcrgermeister Dag Wehner den neuen Bewohnertreff Am Jagdstein 18 im Rahmen eines Tages der Offenen T\u00fcr der \u00d6ffentlichkeit vorstellte. Wehner zeigte sich in seinem Gru\u00dfwort besonders \u00fcberrascht, in welcher kurzer Zeit die Stadtteilbewohner mit den Mitarbeiterinnen Iryna B\u00f6hm, Sandra Weber und Adriana Oliveira das ehemalige \u201eRing-Caf\u00e9\u201c in einen gem\u00fctlichen Treffpunkt f\u00fcr gro\u00dfe und kleine Besucher ver-wandelt hatten.<\/p>\n<p>Staatssekret\u00e4r Dr. Wolfgang Dippel hatte es sich nicht nehmen lassen, dem durch das Hessische Ministerium f\u00fcr Soziales und Integration gef\u00f6rderten Ge-meinwesenprojekt der Stadt Fulda seine guten W\u00fcnsche pers\u00f6nlich zu \u00fcber-bringen. An \u00fcber 40 Standorten in Hessen f\u00f6rdere sein Haus die Kontakt- und Integrationsarbeit direkt in den Stadtquartieren mit besonderem Entwicklungs-bedarf. Besonders lobte er Arbeit der Hessischen Landeskoordinationsstelle in Frankfurt, die mit gro\u00dfer Ausdauer und guter Sachkenntnis das Programm im Auftrag des Ministeriums hessenweit begleite und unterst\u00fctze. Deren Leiterin, Fabiene Weihrauch, hatte einen gro\u00dfen Blumentopf mitgebracht und w\u00fcnschte dem Mitarbeiterteam Kraft, Geduld und Ausdauer bei Ihrer wichtigen gesell-schaftlichen Aufgabe. <\/p>\n<p>Am Nachmittag startete dann ein buntes Programm mit vielen \u00dcberraschungen, die gemeinsam von den Bewohnern und ihren Kindern, die auch aus anderen Fuldaer Stadtteilen gekommen waren, vorbereitet worden waren. Musikalisch umrahmt wurde die Veranstaltung vom neu gegr\u00fcndeten Stadtteilchor, der sich immer donnerstags zu seinen Proben im Stadtteilb\u00fcro trifft.<\/p>\n<p>Das aktuelle Programm und weitere Informationen \u00fcber laufende Aktionen gibt es im Bewohner-Treff\/Stadtteilb\u00fcro Am Jagdstein 18 unter den Telefonnummern (0661) 25030725 und (0661) 25030651 sowie auf der Homepage www.sozialestadt-fulda.de <\/p>\n","protected":false},"excerpt":{"rendered":"<div class=\"tmnf_excerpt\"><p>Nur noch wenige Stehpl\u00e4tze waren frei, als Fuldas B\u00fcrgermeister Dag Wehner den neuen Bewohnertreff Am Jagdstein 18 im Rahmen eines Tages der Offenen T\u00fcr der \u00d6ffentlichkeit vorstellte. Wehner zeigte sich in seinem Gru\u00dfwort besonders \u00fcberrascht, in welcher kurzer Zeit die Stadtteilbewohner mit den Mitarbeiterinnen Iryna B\u00f6hm, Sandra Weber und Adriana Oliveira das ehemalige \u201eRing-Caf\u00e9\u201c in &hellip;<\/p>\n<\/div>","protected":false},"author":1,"featured_media":161180,"comment_status":"closed","ping_status":"closed","sticky":false,"template":"","format":"standard","meta":{"footnotes":""},"categories":[1],"tags":[],"class_list":["post-161170","post","type-post","status-publish","format-standard","has-post-thumbnail","hentry","category-startseite"],"_links":{"self":[{"href":"https:\/\/www.fuldaernachrichten.de\/index.php?rest_route=\/wp\/v2\/posts\/161170","targetHints":{"allow":["GET"]}}],"collection":[{"href":"https:\/\/www.fuldaernachrichten.de\/index.php?rest_route=\/wp\/v2\/posts"}],"about":[{"href":"https:\/\/www.fuldaernachrichten.de\/index.php?rest_route=\/wp\/v2\/types\/post"}],"author":[{"embeddable":true,"href":"https:\/\/www.fuldaernachrichten.de\/index.php?rest_route=\/wp\/v2\/users\/1"}],"replies":[{"embeddable":true,"href":"https:\/\/www.fuldaernachrichten.de\/index.php?rest_route=%2Fwp%2Fv2%2Fcomments&post=161170"}],"version-history":[{"count":1,"href":"https:\/\/www.fuldaernachrichten.de\/index.php?rest_route=\/wp\/v2\/posts\/161170\/revisions"}],"predecessor-version":[{"id":161182,"href":"https:\/\/www.fuldaernachrichten.de\/index.php?rest_route=\/wp\/v2\/posts\/161170\/revisions\/161182"}],"wp:featuredmedia":[{"embeddable":true,"href":"https:\/\/www.fuldaernachrichten.de\/index.php?rest_route=\/wp\/v2\/media\/161180"}],"wp:attachment":[{"href":"https:\/\/www.fuldaernachrichten.de\/index.php?rest_route=%2Fwp%2Fv2%2Fmedia&parent=161170"}],"wp:term":[{"taxonomy":"category","embeddable":true,"href":"https:\/\/www.fuldaernachrichten.de\/index.php?rest_route=%2Fwp%2Fv2%2Fcategories&post=161170"},{"taxonomy":"post_tag","embeddable":true,"href":"https:\/\/www.fuldaernachrichten.de\/index.php?rest_route=%2Fwp%2Fv2%2Ftags&post=161170"}],"curies":[{"name":"wp","href":"https:\/\/api.w.org\/{rel}","templated":true}]}}