{"id":161164,"date":"2017-03-19T21:32:21","date_gmt":"2017-03-19T20:32:21","guid":{"rendered":"http:\/\/www.fuldaer-nachrichten.de\/?p=161164"},"modified":"2017-03-19T21:32:21","modified_gmt":"2017-03-19T20:32:21","slug":"mehr-als-10-000-stunden-im-dienst-der-beduerftigen","status":"publish","type":"post","link":"https:\/\/www.fuldaernachrichten.de\/?p=161164","title":{"rendered":"Mehr als 10.000 Stunden im Dienst der Bed\u00fcrftigen"},"content":{"rendered":"<p>Mit einem Empfang im Gr\u00fcnen Zimmer des Stadtschlosses hat die Stadt Fulda ein ganz besonderes b\u00fcrgerschaftliches Engagement gew\u00fcrdigt: Heinz Steege, der langj\u00e4hrige Vorsitzende der \u201eFuldaer Tafel\u201c, wurde im Beisein zahlreicher Vertreter des \u00f6ffentlichen Lebens der Stadt sowie von Mitstreitern und Sponsoren der Tafel von Oberb\u00fcrgermeister Dr. Heiko Wingenfeld geehrt. \u201eVon solch herausragendem Engagement wie dem Ihrem h\u00e4ngt nicht zuletzt die soziale Temperatur einer Stadt ab\u201c, sagte Wingenfeld mit Blick auf den Geehr-ten. Die Stadt sei Steege zu gro\u00dfem Dank verpflichtet, in den der Oberb\u00fcrger-meister auch Steeges Ehefrau Heide und die gesamte Familie einschloss. <\/p>\n<p>Zuvor hatte der OB kurz den Lebensweg Steeges skizziert, der nach einer Karrie-re bei der Deutschen Bank 1970 zun\u00e4chst als Organisationsleiter und sp\u00e4ter als gesch\u00e4ftsf\u00fchrendes Vorstandsmitglied zum Deutschen Evangelischen Kirchentag nach Fulda wechselte und in Osthessen \u201eein St\u00fcckweit seine Heimat gefunden hat\u201c, wie es der OB ausdr\u00fcckte. Auf der Suche nach einem passenden Bibelwort f\u00fcr die Ehrung Steeges sei er beim Prophet Jeremia f\u00fcndig geworden, so der OB: \u201eSuchet der Stadt Bestes\u201c \u2013 ein Satz, der als Leitmotiv auch auf das b\u00fcrger-schaftliche Engagement Steeges in und f\u00fcr die Stadt Fulda zutreffe. So sei er nicht nur gut 13 Jahre als Vorsitzender der Fuldaer Tafel, sondern auch beim Rotaryclub, beim Kinderschutzbund sowie beim Verein \u201ePaten und Partner\u201c aktiv gewesen. F\u00fcr die Zukunft w\u00fcnschte Wingenfeld dem Geehrten, dass dessen Schaffenskraft weiter dem Ehrenamt gelten m\u00f6ge.<\/p>\n<p>Steeges Nachfolger im Amt des Tafel-Vorsitzenden, Stadtrat Wolfgang Arnold, zeigte anhand einiger Beispiele auf, wie umfangreich und zeitraubend die Arbeit f\u00fcr die Tafel sein kann, schlie\u00dflich w\u00fcrden jede Woche rund 10 Tonnen Lebens-mittel an Bed\u00fcrftige ausgegeben, die Arbeit von insgesamt 130 ehrenamtlichen Helfern m\u00fcsse koordiniert werden. Der Empfang der Stadt sei ein \u00e4u\u00dferes Zei-chen daf\u00fcr, \u201edass nur mit Hilfe solcher Ehrenamtlicher wie Steege unser Ge-meinwesen funktionieren kann\u201c, sagte Arnold. <\/p>\n<p>Von den Anf\u00e4ngen der Tafel berichtete der langj\u00e4hrige stellvertretende Tafel-Vorsitzende Klemens Koeth. Steege sei durch seine T\u00e4tigkeit beim Kirchentag f\u00fcr das Vorstandsamt bei der Fuldaer Tafel pr\u00e4destiniert gewesen. Sein christlich gepr\u00e4gtes Weltbild habe entscheidend dazu beigetragen, dass die \u201eKunden\u201c der Tafel immer als \u201eK\u00f6nige\u201c gesehen w\u00fcrden. \u201eIm Laufe der Jahre hast Du mehr als 10.000 Stunden ehrenamtliche Arbeit unseren Kunden geschenkt\u201c, sagte Koeth zu Steege. <\/p>\n<p>Auf seine Anf\u00e4nge in Fulda blickte in seinem Dankeswort auch Heinz Steege selbst zur\u00fcck \u2013 etwa auf seine ersten Besuche im Kirchentagsb\u00fcro in den sp\u00e4ten 60er Jahren, \u201eals Fulda wirklich noch Provinz war\u201c. Wie vieles in seinem Leben sei es Zufall \u2013 oder auch F\u00fcgung \u2013 gewesen, dass es ihn und seine Familie aus Norddeutschland dann nach Fulda verschlagen habe. Sehr gut in Erinnerung ge-blieben sind Steege auch die Umst\u00e4nde, wie es zur Gr\u00fcndung der Tafel kam: Im Juni 2003 habe man mit einigen Vertretern von Rotary und Lions Club beim Wein zusammengesessen &#8211; und nach und nach alle Bedenken ausger\u00e4umt. <\/p>\n<p>Eine kleine \u00dcberraschung hatte Werner Faas, Tafel-Mitglied und Freund der Fa-milie Steege, bereit: Er trug ein Gru\u00dfwort aus Brasilien vor \u2013 denn Heinz Steege und die Fuldaer Tafel hatten in den Jahren 2006\/07 erheblichen Anteil daran, dass in Porto Alegre die erste brasilianische Tafel entstehen konnte. Mit einem Augenzwinkern in Richtung Oberb\u00fcrgermeister regte Steege daraufhin gleich eine St\u00e4dtepartnerschaft zwischen Fulda und Porto Alegre an.  <\/p>\n","protected":false},"excerpt":{"rendered":"<div class=\"tmnf_excerpt\"><p>Mit einem Empfang im Gr\u00fcnen Zimmer des Stadtschlosses hat die Stadt Fulda ein ganz besonderes b\u00fcrgerschaftliches Engagement gew\u00fcrdigt: Heinz Steege, der langj\u00e4hrige Vorsitzende der \u201eFuldaer Tafel\u201c, wurde im Beisein zahlreicher Vertreter des \u00f6ffentlichen Lebens der Stadt sowie von Mitstreitern und Sponsoren der Tafel von Oberb\u00fcrgermeister Dr. Heiko Wingenfeld geehrt. \u201eVon solch herausragendem Engagement wie dem &hellip;<\/p>\n<\/div>","protected":false},"author":1,"featured_media":161218,"comment_status":"closed","ping_status":"closed","sticky":false,"template":"","format":"standard","meta":{"footnotes":""},"categories":[1],"tags":[],"class_list":["post-161164","post","type-post","status-publish","format-standard","has-post-thumbnail","hentry","category-startseite"],"_links":{"self":[{"href":"https:\/\/www.fuldaernachrichten.de\/index.php?rest_route=\/wp\/v2\/posts\/161164","targetHints":{"allow":["GET"]}}],"collection":[{"href":"https:\/\/www.fuldaernachrichten.de\/index.php?rest_route=\/wp\/v2\/posts"}],"about":[{"href":"https:\/\/www.fuldaernachrichten.de\/index.php?rest_route=\/wp\/v2\/types\/post"}],"author":[{"embeddable":true,"href":"https:\/\/www.fuldaernachrichten.de\/index.php?rest_route=\/wp\/v2\/users\/1"}],"replies":[{"embeddable":true,"href":"https:\/\/www.fuldaernachrichten.de\/index.php?rest_route=%2Fwp%2Fv2%2Fcomments&post=161164"}],"version-history":[{"count":1,"href":"https:\/\/www.fuldaernachrichten.de\/index.php?rest_route=\/wp\/v2\/posts\/161164\/revisions"}],"predecessor-version":[{"id":161224,"href":"https:\/\/www.fuldaernachrichten.de\/index.php?rest_route=\/wp\/v2\/posts\/161164\/revisions\/161224"}],"wp:featuredmedia":[{"embeddable":true,"href":"https:\/\/www.fuldaernachrichten.de\/index.php?rest_route=\/wp\/v2\/media\/161218"}],"wp:attachment":[{"href":"https:\/\/www.fuldaernachrichten.de\/index.php?rest_route=%2Fwp%2Fv2%2Fmedia&parent=161164"}],"wp:term":[{"taxonomy":"category","embeddable":true,"href":"https:\/\/www.fuldaernachrichten.de\/index.php?rest_route=%2Fwp%2Fv2%2Fcategories&post=161164"},{"taxonomy":"post_tag","embeddable":true,"href":"https:\/\/www.fuldaernachrichten.de\/index.php?rest_route=%2Fwp%2Fv2%2Ftags&post=161164"}],"curies":[{"name":"wp","href":"https:\/\/api.w.org\/{rel}","templated":true}]}}