{"id":161161,"date":"2017-03-19T21:12:00","date_gmt":"2017-03-19T20:12:00","guid":{"rendered":"http:\/\/www.fuldaer-nachrichten.de\/?p=161161"},"modified":"2017-03-19T21:12:00","modified_gmt":"2017-03-19T20:12:00","slug":"baby-und-kinderbasar-in-der-pfarrscheune-sandberg","status":"publish","type":"post","link":"https:\/\/www.fuldaernachrichten.de\/?p=161161","title":{"rendered":"Baby- und Kinderbasar in der Pfarrscheune Sandberg"},"content":{"rendered":"<p>Am Samstag, den 01. April 2017 von 13.00 bis 15.30 Uhr veranstaltet der Kinderf\u00f6rderbund Sandberg seinen allj\u00e4hrlichen Baby- und Kinderbasar.<\/p>\n<p>Verkauft werden Spielwaren und alles rund ums Baby und Kind. Die Kleider werden nach Gr\u00f6\u00dfen sortiert und \u00fcberwiegend aufgehangen. Es gibt nat\u00fcrlich auch Kaffee und Kuchen zum Mitnehmen.<\/p>\n<p>Annahme am Donnerstag, den 30. M\u00e4rz von 20-21 Uhr und am Freitag, den 31. M\u00e4rz von 9-10 Uhr (2 K\u00f6rbe je Teilnehmer). <\/p>\n<p>Verkaufsnummern gibt es unter 0176-450 140 40 (auch \u00fcber WhatsApp), 09701-1765 (ab 18 Uhr) oder per Mail an basar.sandberg@stardom.de <\/p>\n<p>Der Erl\u00f6s kommt komplett den Kindern der Gemeinde Sandberg zugute!<\/p>\n","protected":false},"excerpt":{"rendered":"<div class=\"tmnf_excerpt\"><p>Am Samstag, den 01. April 2017 von 13.00 bis 15.30 Uhr veranstaltet der Kinderf\u00f6rderbund Sandberg seinen allj\u00e4hrlichen Baby- und Kinderbasar. Verkauft werden Spielwaren und alles rund ums Baby und Kind. Die Kleider werden nach Gr\u00f6\u00dfen sortiert und \u00fcberwiegend aufgehangen. Es gibt nat\u00fcrlich auch Kaffee und Kuchen zum Mitnehmen. Annahme am Donnerstag, den 30. M\u00e4rz von &hellip;<\/p>\n<\/div>","protected":false},"author":1,"featured_media":0,"comment_status":"closed","ping_status":"closed","sticky":false,"template":"","format":"standard","meta":{"footnotes":""},"categories":[1],"tags":[],"class_list":["post-161161","post","type-post","status-publish","format-standard","hentry","category-startseite"],"_links":{"self":[{"href":"https:\/\/www.fuldaernachrichten.de\/index.php?rest_route=\/wp\/v2\/posts\/161161","targetHints":{"allow":["GET"]}}],"collection":[{"href":"https:\/\/www.fuldaernachrichten.de\/index.php?rest_route=\/wp\/v2\/posts"}],"about":[{"href":"https:\/\/www.fuldaernachrichten.de\/index.php?rest_route=\/wp\/v2\/types\/post"}],"author":[{"embeddable":true,"href":"https:\/\/www.fuldaernachrichten.de\/index.php?rest_route=\/wp\/v2\/users\/1"}],"replies":[{"embeddable":true,"href":"https:\/\/www.fuldaernachrichten.de\/index.php?rest_route=%2Fwp%2Fv2%2Fcomments&post=161161"}],"version-history":[{"count":1,"href":"https:\/\/www.fuldaernachrichten.de\/index.php?rest_route=\/wp\/v2\/posts\/161161\/revisions"}],"predecessor-version":[{"id":161168,"href":"https:\/\/www.fuldaernachrichten.de\/index.php?rest_route=\/wp\/v2\/posts\/161161\/revisions\/161168"}],"wp:attachment":[{"href":"https:\/\/www.fuldaernachrichten.de\/index.php?rest_route=%2Fwp%2Fv2%2Fmedia&parent=161161"}],"wp:term":[{"taxonomy":"category","embeddable":true,"href":"https:\/\/www.fuldaernachrichten.de\/index.php?rest_route=%2Fwp%2Fv2%2Fcategories&post=161161"},{"taxonomy":"post_tag","embeddable":true,"href":"https:\/\/www.fuldaernachrichten.de\/index.php?rest_route=%2Fwp%2Fv2%2Ftags&post=161161"}],"curies":[{"name":"wp","href":"https:\/\/api.w.org\/{rel}","templated":true}]}}